{"id":30172,"date":"2026-04-28T18:37:08","date_gmt":"2026-04-28T18:37:08","guid":{"rendered":"https:\/\/eskigazeteci.com\/?p=30172"},"modified":"2026-04-28T18:37:08","modified_gmt":"2026-04-28T18:37:08","slug":"bruksel-havalimanindan-yapilacak-ucuslarin-yarisi-iptal-edildi","status":"publish","type":"post","link":"https:\/\/eskigazeteci.com\/?p=30172","title":{"rendered":"Br\u00fcksel Havaliman\u0131&#8217;ndan yap\u0131lacak u\u00e7u\u015flar\u0131n yar\u0131s\u0131 iptal edildi"},"content":{"rendered":"<p>Ulusal bas\u0131na g\u00f6re, Havaliman\u0131 y\u00f6netimince yap\u0131lan a\u00e7\u0131klamada, 12 May\u0131s&#x27;ta \u00f6zellikle kalk\u0131\u015f u\u00e7u\u015flar\u0131nda ciddi kesintiler \u00f6ng\u00f6r\u00fcld\u00fc\u011f\u00fc belirtildi.<\/p>\n<p>Grevlerin hava trafi\u011fini do\u011frudan etkiledi\u011fine dikkati \u00e7ekilen a\u00e7\u0131klamada, eylemlere kat\u0131lanlar aras\u0131nda g\u00fcvenlik ve yer hizmetleri personelinin de bulundu\u011fu aktar\u0131ld\u0131.<\/p>\n<p>Bu nedenle havayolu \u015firketlerinden, g\u00fcvenli\u011fin sa\u011flanmas\u0131 ve uzun bekleme s\u00fcrelerinin \u00f6nlenmesi amac\u0131yla o g\u00fcnk\u00fc kalk\u0131\u015f u\u00e7u\u015flar\u0131n\u0131 s\u0131n\u0131rland\u0131rmalar\u0131 istendi\u011fi kaydedildi.<\/p>\n<p>Yolculara, &quot;u\u00e7u\u015flar\u0131yla ilgili g\u00fcncel bilgileri havayolu \u015firketlerinden kontrol etmeleri&quot; \u00e7a\u011fr\u0131s\u0131 yap\u0131ld\u0131.<\/p>\n<p>Var\u0131\u015f u\u00e7u\u015flar\u0131nda ise aksaman\u0131n s\u0131n\u0131rl\u0131 olmas\u0131 bekleniyor.<\/p>\n<p>Yurtd\u0131\u015f\u0131nda ya\u015fanan en son olaylar, d\u00fcnya g\u00fcndemine oturan d\u0131\u015f haberler, son dakika d\u00fcnya haberleri, di\u011fer d\u00fcnya \u00fclkelerinden g\u00fcncel haberler i\u00e7in T\u00fcrkiye&#x27;nin haber sitesi hurriyet.com.tr; Hurriyet.com.tr haber i\u00e7erikleri kaynak g\u00f6sterilmeden al\u0131nt\u0131 yap\u0131lamaz, Kanuna ayk\u0131r\u0131 ve izinsiz olarak kopyalanamaz, ba\u015fka yerde yay\u0131nlanamaz.<\/p>\n","protected":false},"excerpt":{"rendered":"<p>Bel\u00e7ika&#8217;da sendikalar\u0131n 12 May\u0131s&#8217;ta d\u00fczenleyece\u011fi ulusal protesto nedeniyle Br\u00fcksel Havaliman\u0131&#8217;ndan yap\u0131lacak u\u00e7u\u015flar\u0131n yakla\u015f\u0131k yar\u0131s\u0131 iptal edilecek.<\/p>\n","protected":false},"author":2,"featured_media":30171,"comment_status":"open","ping_status":"open","sticky":false,"template":"","format":"standard","meta":{"footnotes":""},"categories":[6,5],"tags":[],"class_list":["post-30172","post","type-post","status-publish","format-standard","has-post-thumbnail","hentry","category-gundem","category-son-dakika"],"_links":{"self":[{"href":"https:\/\/eskigazeteci.com\/index.php?rest_route=\/wp\/v2\/posts\/30172","targetHints":{"allow":["GET"]}}],"collection":[{"href":"https:\/\/eskigazeteci.com\/index.php?rest_route=\/wp\/v2\/posts"}],"about":[{"href":"https:\/\/eskigazeteci.com\/index.php?rest_route=\/wp\/v2\/types\/post"}],"author":[{"embeddable":true,"href":"https:\/\/eskigazeteci.com\/index.php?rest_route=\/wp\/v2\/users\/2"}],"replies":[{"embeddable":true,"href":"https:\/\/eskigazeteci.com\/index.php?rest_route=%2Fwp%2Fv2%2Fcomments&post=30172"}],"version-history":[{"count":0,"href":"https:\/\/eskigazeteci.com\/index.php?rest_route=\/wp\/v2\/posts\/30172\/revisions"}],"wp:featuredmedia":[{"embeddable":true,"href":"https:\/\/eskigazeteci.com\/index.php?rest_route=\/wp\/v2\/media\/30171"}],"wp:attachment":[{"href":"https:\/\/eskigazeteci.com\/index.php?rest_route=%2Fwp%2Fv2%2Fmedia&parent=30172"}],"wp:term":[{"taxonomy":"category","embeddable":true,"href":"https:\/\/eskigazeteci.com\/index.php?rest_route=%2Fwp%2Fv2%2Fcategories&post=30172"},{"taxonomy":"post_tag","embeddable":true,"href":"https:\/\/eskigazeteci.com\/index.php?rest_route=%2Fwp%2Fv2%2Ftags&post=30172"}],"curies":[{"name":"wp","href":"https:\/\/api.w.org\/{rel}","templated":true}]}}