{"id":30170,"date":"2026-04-28T18:35:35","date_gmt":"2026-04-28T18:35:35","guid":{"rendered":"https:\/\/eskigazeteci.com\/?p=30170"},"modified":"2026-04-28T18:35:35","modified_gmt":"2026-04-28T18:35:35","slug":"ogretmen-alan-degisikligi-atama-sonuclari-sorgulama-mebbis-e-devlet","status":"publish","type":"post","link":"https:\/\/eskigazeteci.com\/?p=30170","title":{"rendered":"\u00d6\u011eRETMEN ALAN DE\u011e\u0130\u015e\u0130KL\u0130\u011e\u0130 ATAMA SONU\u00c7LARI SORGULAMA (MEBB\u0130S- E-DEVLET)"},"content":{"rendered":"<p>MEB \u00f6\u011fretmen alan de\u011fi\u015fikli\u011fi atama sonu\u00e7lar\u0131 sorgulama ekran\u0131 eri\u015fime a\u00e7\u0131ld\u0131. Mill\u00ee E\u011fitim Bakanl\u0131\u011f\u0131 kadrolar\u0131nda g\u00f6rev yapan \u00f6\u011fretmenlerin alan de\u011fi\u015fikli\u011fine ba\u011fl\u0131 yer de\u011fi\u015ftirme i\u015flemleri i\u00e7in \u00f6n ba\u015fvurular 6-10 Nisan tarihlerinde al\u0131nm\u0131\u015ft\u0131. Atama tercihleri ise 20-24 Nisan 2026 tarihleri aras\u0131nda al\u0131nm\u0131\u015ft\u0131. Atama ger\u00e7ekle\u015fen \u00f6\u011fretmenler sonu\u00e7lar\u0131 kullan\u0131c\u0131 ad\u0131 ve \u015fifreleri ile MEBB\u0130S veya e-Devlet \u00fczerinden g\u00f6r\u00fcnt\u00fcleyebilecek. \u0130\u015fte, 2026 \u00f6\u011fretmen alan de\u011fi\u015fikli sonucu sorgulama ekran\u0131 ve ayr\u0131nt\u0131lar.<\/p>\n<p>MEB taraf\u0131ndan yap\u0131lan duyuruda 2026 Y\u0131l\u0131 Alan De\u011fi\u015fikli\u011fine Ba\u011fl\u0131 Yer De\u011fi\u015fikli\u011fi Atama Sonu\u00e7lar\u0131&#x27;n\u0131n yay\u0131mland\u0131\u011f\u0131 ifade edildi. MEBB\u0130S \u00fczerinden sonu\u00e7lar \u00f6\u011frenilebilecek. Milli E\u011fitim Bakanl\u0131\u011f\u0131 taraf\u0131ndan yap\u0131lan a\u00e7\u0131klamada \u015fu ifadeler yer ald\u0131;<\/p>\n<p>\u00d6\u011fretmenlerin alan de\u011fi\u015fikli\u011fine ba\u011fl\u0131 yer de\u011fi\u015ftirme i\u015flemleri i\u00e7in \u00f6n ba\u015fvurular 6-10 Nisan, tercihler 20-24 Nisan 2026 tarihleri aras\u0131nda al\u0131nm\u0131\u015ft\u0131. 2026 y\u0131l\u0131 \u00f6\u011fretmenlerin alan de\u011fi\u015fikli\u011fi sonu\u00e7lar\u0131 bug\u00fcn a\u00e7\u0131kland\u0131. Alan de\u011fi\u015fikli\u011fine ba\u011fl\u0131 atamas\u0131 ger\u00e7ekle\u015fen \u00f6\u011fretmenlerin g\u00f6revden ayr\u0131lma ve g\u00f6reve ba\u015flama i\u015flemleri, 3 A\u011fustos 2026 tarihinden itibaren ba\u015flayacak.<\/p>\n<p>MEB taraf\u0131ndan yap\u0131lan duyuruda 2026 Y\u0131l\u0131 Alan De\u011fi\u015fikli\u011fine Ba\u011fl\u0131&#8230;<\/p>\n","protected":false},"excerpt":{"rendered":"<p>\u00d6\u011fretmen alan de\u011fi\u015fikli\u011fi sonu\u00e7lar\u0131 2026 i\u00e7in beklenen a\u00e7\u0131klama geldi. Milli E\u011fitim Bakanl\u0131\u011f\u0131nca (MEB) \u00f6n ba\u015fvurular\u0131 6-10 Nisan&#8217;da, tercihleri ise 20-24&#8230;<\/p>\n","protected":false},"author":2,"featured_media":30169,"comment_status":"open","ping_status":"open","sticky":false,"template":"","format":"standard","meta":{"footnotes":""},"categories":[6,5],"tags":[],"class_list":["post-30170","post","type-post","status-publish","format-standard","has-post-thumbnail","hentry","category-gundem","category-son-dakika"],"_links":{"self":[{"href":"https:\/\/eskigazeteci.com\/index.php?rest_route=\/wp\/v2\/posts\/30170","targetHints":{"allow":["GET"]}}],"collection":[{"href":"https:\/\/eskigazeteci.com\/index.php?rest_route=\/wp\/v2\/posts"}],"about":[{"href":"https:\/\/eskigazeteci.com\/index.php?rest_route=\/wp\/v2\/types\/post"}],"author":[{"embeddable":true,"href":"https:\/\/eskigazeteci.com\/index.php?rest_route=\/wp\/v2\/users\/2"}],"replies":[{"embeddable":true,"href":"https:\/\/eskigazeteci.com\/index.php?rest_route=%2Fwp%2Fv2%2Fcomments&post=30170"}],"version-history":[{"count":0,"href":"https:\/\/eskigazeteci.com\/index.php?rest_route=\/wp\/v2\/posts\/30170\/revisions"}],"wp:featuredmedia":[{"embeddable":true,"href":"https:\/\/eskigazeteci.com\/index.php?rest_route=\/wp\/v2\/media\/30169"}],"wp:attachment":[{"href":"https:\/\/eskigazeteci.com\/index.php?rest_route=%2Fwp%2Fv2%2Fmedia&parent=30170"}],"wp:term":[{"taxonomy":"category","embeddable":true,"href":"https:\/\/eskigazeteci.com\/index.php?rest_route=%2Fwp%2Fv2%2Fcategories&post=30170"},{"taxonomy":"post_tag","embeddable":true,"href":"https:\/\/eskigazeteci.com\/index.php?rest_route=%2Fwp%2Fv2%2Ftags&post=30170"}],"curies":[{"name":"wp","href":"https:\/\/api.w.org\/{rel}","templated":true}]}}