{"id":30168,"date":"2026-04-28T18:17:17","date_gmt":"2026-04-28T18:17:17","guid":{"rendered":"https:\/\/eskigazeteci.com\/?p=30168"},"modified":"2026-04-28T18:17:17","modified_gmt":"2026-04-28T18:17:17","slug":"kira-zammi-artis-orani-hesaplama-2026-mayis","status":"publish","type":"post","link":"https:\/\/eskigazeteci.com\/?p=30168","title":{"rendered":"K\u0130RA ZAMMI ARTI\u015e ORANI HESAPLAMA 2026 MAYIS"},"content":{"rendered":"<p>Kira zamm\u0131 art\u0131\u015f oran\u0131 2026 May\u0131s ay\u0131 hesaplama tablosu, T\u00fcrkiye \u0130statistik Kurumu (T\u00dc\u0130K) taraf\u0131ndan a\u00e7\u0131klanacak olan son dakika Nisan ay\u0131 enflasyon verileri ile belli olacak. Milyonlarca kirac\u0131, i\u015f yeri ve ev sahibinin kira zamm\u0131, T\u00dc\u0130K taraf\u0131ndan a\u00e7\u0131klanacak olan enflasyon verilerine g\u00f6re \u015fekilleniyor. Ge\u00e7ti\u011fimiz ay T\u00fcketici Fiyat Endeksi (T\u00dcFE), mart ay\u0131nda bir \u00f6nceki aya g\u00f6re y\u00fczde 1,94 art\u0131\u015f g\u00f6sterirken, y\u0131ll\u0131k bazda y\u00fczde 30,87 seviyesinde ger\u00e7ekle\u015fti. Bu veriler do\u011frultusunda, konut ve i\u015f yerleri i\u00e7in kira art\u0131\u015f\u0131nda esas al\u0131nan 12 ayl\u0131k T\u00dcFE ortalamas\u0131 y\u00fczde 32,82 oldu. Peki, May\u0131s ay\u0131 kira art\u0131\u015f oran\u0131 ne zaman a\u00e7\u0131klanacak? (TEFE-\u00dcFE) kira zamm\u0131 ne kadar? \u0130\u015fte, ev ve i\u015f yeri kira zamm\u0131 hesaplamas\u0131 ve ayr\u0131nt\u0131lar&#8230;<\/p>\n<p>T\u00fcrkiye \u0130statistik Kurumu (T\u00dc\u0130K) taraf\u0131ndan 2026 Nisan ay\u0131 enflasyon verileri 4 May\u0131s Pazartesi g\u00fcn\u00fc saat 10.00&#x27;da belli olacak. May\u0131s ay\u0131 kira art\u0131\u015f oran\u0131 da T\u00dc\u0130K verilerinin a\u00e7\u0131klanmas\u0131yla netlik kazanacak.<\/p>\n<p>T\u00fcrkiye \u0130statistik Kurumu (T\u00dc\u0130K) taraf\u0131ndan 2026 Nisan ay\u0131 enflasyon verileri 4 May\u0131s Pazartesi g\u00fcn\u00fc saat 10.00&#x27;da belli olacak. May\u0131s ay\u0131 kira art\u0131\u015f oran\u0131 da T\u00dc\u0130K verilerinin a\u00e7\u0131klanmas\u0131yla netlik kazanacak.<\/p>\n<p>T\u00fcrkiye \u0130statistik Kurumu (T\u00dc\u0130K) taraf\u0131ndan 2026&#8230;<\/p>\n","protected":false},"excerpt":{"rendered":"<p>May\u0131s ay\u0131 kira art\u0131\u015f oran\u0131 2026 hesaplama tablosu T\u00dc\u0130K verileri ile netle\u015fiyor. T\u00fcrkiye \u0130statistik Kurumu (T\u00dc\u0130K) taraf\u0131ndan enflasyon rakamlar\u0131n\u0131n&#8230;<\/p>\n","protected":false},"author":2,"featured_media":30167,"comment_status":"open","ping_status":"open","sticky":false,"template":"","format":"standard","meta":{"footnotes":""},"categories":[6,5],"tags":[],"class_list":["post-30168","post","type-post","status-publish","format-standard","has-post-thumbnail","hentry","category-gundem","category-son-dakika"],"_links":{"self":[{"href":"https:\/\/eskigazeteci.com\/index.php?rest_route=\/wp\/v2\/posts\/30168","targetHints":{"allow":["GET"]}}],"collection":[{"href":"https:\/\/eskigazeteci.com\/index.php?rest_route=\/wp\/v2\/posts"}],"about":[{"href":"https:\/\/eskigazeteci.com\/index.php?rest_route=\/wp\/v2\/types\/post"}],"author":[{"embeddable":true,"href":"https:\/\/eskigazeteci.com\/index.php?rest_route=\/wp\/v2\/users\/2"}],"replies":[{"embeddable":true,"href":"https:\/\/eskigazeteci.com\/index.php?rest_route=%2Fwp%2Fv2%2Fcomments&post=30168"}],"version-history":[{"count":0,"href":"https:\/\/eskigazeteci.com\/index.php?rest_route=\/wp\/v2\/posts\/30168\/revisions"}],"wp:featuredmedia":[{"embeddable":true,"href":"https:\/\/eskigazeteci.com\/index.php?rest_route=\/wp\/v2\/media\/30167"}],"wp:attachment":[{"href":"https:\/\/eskigazeteci.com\/index.php?rest_route=%2Fwp%2Fv2%2Fmedia&parent=30168"}],"wp:term":[{"taxonomy":"category","embeddable":true,"href":"https:\/\/eskigazeteci.com\/index.php?rest_route=%2Fwp%2Fv2%2Fcategories&post=30168"},{"taxonomy":"post_tag","embeddable":true,"href":"https:\/\/eskigazeteci.com\/index.php?rest_route=%2Fwp%2Fv2%2Ftags&post=30168"}],"curies":[{"name":"wp","href":"https:\/\/api.w.org\/{rel}","templated":true}]}}