{"id":30166,"date":"2026-04-28T18:15:44","date_gmt":"2026-04-28T18:15:44","guid":{"rendered":"https:\/\/eskigazeteci.com\/?p=30166"},"modified":"2026-04-28T18:15:44","modified_gmt":"2026-04-28T18:15:44","slug":"ingilizler-ayrilik-icin-tek-sarti-duyurdu-ederson-icin-tazminatinin-tamamini-istiyor-iddiasi","status":"publish","type":"post","link":"https:\/\/eskigazeteci.com\/?p=30166","title":{"rendered":"\u0130ngilizler ayr\u0131l\u0131k i\u00e7in tek \u015fart\u0131 duyurdu: Ederson i\u00e7in &#8216;tazminat\u0131n\u0131n tamam\u0131n\u0131 istiyor&#8217; iddias\u0131!"},"content":{"rendered":"<p>S\u00fcper Lig &#x27;de bitime 3 hafta kalan lider Galatasaray &#x27;\u0131n 7 puan gerisine d\u00fc\u015fen Fenerbah\u00e7e &#x27;de sular dinmiyor.<\/p>\n<p>Derbide g\u00f6rd\u00fc\u011f\u00fc k\u0131rm\u0131z\u0131 kartla ele\u015ftiri oklar\u0131n\u0131n hedefi haline gelen Ederson&#x27;un, sar\u0131-lacivertli kul\u00fcpten ayr\u0131l\u0131k i\u00e7in \u015fok bir talepte bulundu\u011fu iddia edildi.<\/p>\n<p>FES\u0130H \u015eARTINI BEL\u0130RTT\u0130<\/p>\n<p>\u0130ngiliz bas\u0131n\u0131ndan TransferFeed&#x27;in haberine g\u00f6re; Brezilyal\u0131 eldiven, \u00f6n\u00fcm\u00fczdeki iki sezonu kapsayan s\u00f6zle\u015fmesinin erken feshi i\u00e7in Fenerbah\u00e7e&#x27;den 22 milyon Euro talep etti.<\/p>\n<p>\u00d6te yandan 32 ya\u015f\u0131ndaki eldivenine Suudi Arabistan kul\u00fcplerinden Al-Hilal&#x27;in y\u00fcksek bir kontrol i\u00e7eren s\u00f6zle\u015fme sunabilece\u011fi \u00f6ne s\u00fcr\u00fcld\u00fc.<\/p>\n<p>TAZM\u0130NATININ TAMAMINI \u0130ST\u0130YOR<\/p>\n<p>Ancak Ederson&#x27;un Fenerbah\u00e7e&#x27;den her t\u00fcrl\u00fc m\u00fcmk\u00fcn olan y\u00fcksek maddi tazminat\u0131 almak istedi\u011fi belirtildi.<\/p>\n<p>PERFORMANSI<\/p>\n<p>Yaz transfer d\u00f6neminde 11 milyon Euro bedelle Manchester City&#x27;den transfer edilen Ederson , sar\u0131-lacivertli forma ile \u00e7\u0131kt\u0131\u011f\u0131 35 resmi ma\u00e7ta 35 gol yedi.<\/p>\n<p>T\u00fcrkiye&#x27;den ve D\u00fcnya\u2019dan son dakika haberleri, k\u00f6\u015fe yaz\u0131lar\u0131, magazinden siyasete, spordan seyahate b\u00fct\u00fcn konular\u0131n tek adresi Hurriyet.com.tr haber i\u00e7erikleri izin al\u0131nmadan, kaynak g\u00f6sterilerek dahi iktibas edilemez. Kanuna ayk\u0131r\u0131 ve izinsiz olarak kopyalanamaz, ba\u015fka yerde&#8230;<\/p>\n","protected":false},"excerpt":{"rendered":"<p>Yaz transfer d\u00f6neminde Manchester City\u2019den b\u00fcy\u00fck beklentilerle transfer edilen ancak son haftalarda sergiledi\u011fi performansla en \u00e7ok tart\u0131\u015f\u0131lan isim haline&#8230;<\/p>\n","protected":false},"author":2,"featured_media":30165,"comment_status":"open","ping_status":"open","sticky":false,"template":"","format":"standard","meta":{"footnotes":""},"categories":[5,7],"tags":[],"class_list":["post-30166","post","type-post","status-publish","format-standard","has-post-thumbnail","hentry","category-son-dakika","category-spor"],"_links":{"self":[{"href":"https:\/\/eskigazeteci.com\/index.php?rest_route=\/wp\/v2\/posts\/30166","targetHints":{"allow":["GET"]}}],"collection":[{"href":"https:\/\/eskigazeteci.com\/index.php?rest_route=\/wp\/v2\/posts"}],"about":[{"href":"https:\/\/eskigazeteci.com\/index.php?rest_route=\/wp\/v2\/types\/post"}],"author":[{"embeddable":true,"href":"https:\/\/eskigazeteci.com\/index.php?rest_route=\/wp\/v2\/users\/2"}],"replies":[{"embeddable":true,"href":"https:\/\/eskigazeteci.com\/index.php?rest_route=%2Fwp%2Fv2%2Fcomments&post=30166"}],"version-history":[{"count":0,"href":"https:\/\/eskigazeteci.com\/index.php?rest_route=\/wp\/v2\/posts\/30166\/revisions"}],"wp:featuredmedia":[{"embeddable":true,"href":"https:\/\/eskigazeteci.com\/index.php?rest_route=\/wp\/v2\/media\/30165"}],"wp:attachment":[{"href":"https:\/\/eskigazeteci.com\/index.php?rest_route=%2Fwp%2Fv2%2Fmedia&parent=30166"}],"wp:term":[{"taxonomy":"category","embeddable":true,"href":"https:\/\/eskigazeteci.com\/index.php?rest_route=%2Fwp%2Fv2%2Fcategories&post=30166"},{"taxonomy":"post_tag","embeddable":true,"href":"https:\/\/eskigazeteci.com\/index.php?rest_route=%2Fwp%2Fv2%2Ftags&post=30166"}],"curies":[{"name":"wp","href":"https:\/\/api.w.org\/{rel}","templated":true}]}}