{"id":30164,"date":"2026-04-28T18:05:33","date_gmt":"2026-04-28T18:05:33","guid":{"rendered":"https:\/\/eskigazeteci.com\/?p=30164"},"modified":"2026-04-28T18:05:33","modified_gmt":"2026-04-28T18:05:33","slug":"imamoglu-davasinin-28-durusmasi-sona-erdi","status":"publish","type":"post","link":"https:\/\/eskigazeteci.com\/?p=30164","title":{"rendered":"\u0130mamo\u011flu davas\u0131n\u0131n 28. duru\u015fmas\u0131 sona erdi"},"content":{"rendered":"<p>\u0130stanbul 40. A\u011f\u0131r Ceza Mahkemesince, Marmara Kapal\u0131 Ceza \u0130nfaz Kurumunun kar\u015f\u0131s\u0131ndaki salonda yap\u0131lan duru\u015fmada, \u00f6rg\u00fct y\u00f6neticisi tutuklu san\u0131k Adem Soytekin savunmas\u0131n\u0131 tamamlad\u0131.<\/p>\n<p>San\u0131k Soytekin, \u00e7apraz sorgusunda Mahkeme Ba\u015fkan\u0131 Sel\u00e7uk Aylan&#x27;\u0131n, &quot;\u00d6nceki ifadenizde yapt\u0131\u011f\u0131n\u0131z bir\u00e7ok ortak projeyi saym\u0131\u015fs\u0131n\u0131z. &#x27;Bahsetmi\u015f oldu\u011fum i\u015flerin tamam\u0131n\u0131n \u00fccreti, m\u00fcteahhitlerden al\u0131nan r\u00fc\u015fvetler ile taraf\u0131ma \u00f6denmi\u015ftir. Ben bu i\u015fleri tamamen reel olarak yapt\u0131m.&#x27; Bu beyan\u0131n\u0131z do\u011fru mu?&quot; sorusuna, &quot;Bu r\u00fc\u015fvet midir irtikap m\u0131d\u0131r ya da ba\u015fka bir \u015fey midir, tan\u0131m\u0131n\u0131 tam olarak bilmem ama m\u00fcteahhitlerin de s\u00f6ylediklerine bakarsan\u0131z bu r\u00fc\u015fvet. \u00c7\u00fcnk\u00fc zaten bu, m\u00fcteahhitlerin konu\u015fmalar\u0131yla ve bas\u0131na yans\u0131yan bilgilerle \u00e7\u0131k\u0131yor. Ben ilk etapta, ifade \u00f6ncesinde b\u00f6yle bilmiyordum fakat bunlar\u0131n hepsi r\u00fc\u015fvetmi\u015f.&quot; yan\u0131t\u0131n\u0131 verdi.<\/p>\n<p>Mahkeme Ba\u015fkan\u0131 Aylan&#x27;\u0131n, K\u0130PTA\u015e Genel M\u00fcd\u00fcr\u00fc tutuklu san\u0131k Ali Kurt&#x27;a 1,5 milyon dolar\u0131 ne i\u00e7in g\u00f6nderdi\u011fini sormas\u0131 \u00fczerine Soytekin &quot;R\u00fc\u015fvet ba\u015fkan\u0131m r\u00fc\u015fvet. Ali Kurt \u015fahs\u0131na \u00e7al\u0131\u015f\u0131r.&quot; dedi.<\/p>\n<p>Cumhuriyet savc\u0131s\u0131n\u0131n &quot;Bu operasyon s\u00fcrecine ili\u015fkin gizli toplant\u0131 iddias\u0131 var. Siz, &#x27;Mehmet Pehlivan taraf\u0131ndan sistemdeki t\u00fcm akt\u00f6rler uyar\u0131ld\u0131\u011f\u0131 i\u00e7in para bulunamam\u0131\u015ft\u0131r&#8230;.<\/p>\n","protected":false},"excerpt":{"rendered":"<p>\u0130mamo\u011flu \u00e7\u0131kar ama\u00e7l\u0131 su\u00e7 \u00f6rg\u00fct\u00fcne ili\u015fkin 92&#8217;si tutuklu, 5&#8217;i m\u00fc\u015fteki-san\u0131k olmak \u00fczere 414 san\u0131\u011f\u0131n yarg\u0131land\u0131\u011f\u0131 davan\u0131n 28. duru\u015fmas\u0131 sona erdi.<\/p>\n","protected":false},"author":2,"featured_media":30163,"comment_status":"open","ping_status":"open","sticky":false,"template":"","format":"standard","meta":{"footnotes":""},"categories":[6,5],"tags":[],"class_list":["post-30164","post","type-post","status-publish","format-standard","has-post-thumbnail","hentry","category-gundem","category-son-dakika"],"_links":{"self":[{"href":"https:\/\/eskigazeteci.com\/index.php?rest_route=\/wp\/v2\/posts\/30164","targetHints":{"allow":["GET"]}}],"collection":[{"href":"https:\/\/eskigazeteci.com\/index.php?rest_route=\/wp\/v2\/posts"}],"about":[{"href":"https:\/\/eskigazeteci.com\/index.php?rest_route=\/wp\/v2\/types\/post"}],"author":[{"embeddable":true,"href":"https:\/\/eskigazeteci.com\/index.php?rest_route=\/wp\/v2\/users\/2"}],"replies":[{"embeddable":true,"href":"https:\/\/eskigazeteci.com\/index.php?rest_route=%2Fwp%2Fv2%2Fcomments&post=30164"}],"version-history":[{"count":0,"href":"https:\/\/eskigazeteci.com\/index.php?rest_route=\/wp\/v2\/posts\/30164\/revisions"}],"wp:featuredmedia":[{"embeddable":true,"href":"https:\/\/eskigazeteci.com\/index.php?rest_route=\/wp\/v2\/media\/30163"}],"wp:attachment":[{"href":"https:\/\/eskigazeteci.com\/index.php?rest_route=%2Fwp%2Fv2%2Fmedia&parent=30164"}],"wp:term":[{"taxonomy":"category","embeddable":true,"href":"https:\/\/eskigazeteci.com\/index.php?rest_route=%2Fwp%2Fv2%2Fcategories&post=30164"},{"taxonomy":"post_tag","embeddable":true,"href":"https:\/\/eskigazeteci.com\/index.php?rest_route=%2Fwp%2Fv2%2Ftags&post=30164"}],"curies":[{"name":"wp","href":"https:\/\/api.w.org\/{rel}","templated":true}]}}