{"id":30162,"date":"2026-04-28T17:47:05","date_gmt":"2026-04-28T17:47:05","guid":{"rendered":"https:\/\/eskigazeteci.com\/?p=30162"},"modified":"2026-04-28T17:47:05","modified_gmt":"2026-04-28T17:47:05","slug":"sahte-curuk-raporu-operasyonunda-10-tutuklama","status":"publish","type":"post","link":"https:\/\/eskigazeteci.com\/?p=30162","title":{"rendered":"Sahte \u00e7\u00fcr\u00fck raporu operasyonunda 10 tutuklama"},"content":{"rendered":"<p>Edinilen bilgilere g\u00f6re, Siverek \u0130l\u00e7e Jandarma Komutanl\u0131\u011f\u0131 ekiplerince sahte sa\u011fl\u0131k raporu d\u00fczenleyerek haks\u0131z kazan\u00e7 sa\u011flad\u0131klar\u0131 iddia edilen \u015f\u00fcphelilere y\u00f6nelik \u00e7al\u0131\u015fma ba\u015flat\u0131ld\u0131. Yap\u0131lan teknik ve fiziki takip sonucu kimlikleri belirlenen 14 \u015f\u00fcpheli, d\u00fczenlenen operasyonla yakalanarak g\u00f6zalt\u0131na al\u0131nd\u0131.<\/p>\n<p>4 \u015e\u00dcPHEL\u0130 SERBEST BIRAKILDI<\/p>\n<p>Jandarmadaki i\u015flemlerinin ard\u0131ndan adliyeye sevk edilen \u015f\u00fcphelilerden 10\u2019u \u00e7\u0131kar\u0131ld\u0131klar\u0131 mahkemece tutuklanarak cezaevine g\u00f6nderildi. 3 \u015f\u00fcphelinin adli kontrol \u015fart\u0131yla serbest b\u0131rak\u0131ld\u0131\u011f\u0131, 1 \u015f\u00fcphelinin ise ifadesinin ard\u0131ndan serbest b\u0131rak\u0131ld\u0131\u011f\u0131 \u00f6\u011frenildi. Olayla ilgili soru\u015fturman\u0131n s\u00fcrd\u00fc\u011f\u00fc bildirildi.<\/p>\n<p>T\u00fcrkiye g\u00fcndeminden son dakika haberleri, bug\u00fcn ya\u015fanan en son geli\u015fmeler, siyaset g\u00fcndeminden g\u00fcncel haberler ve b\u00fct\u00fcn son dakika haberleri i\u00e7in H\u00fcrriyet&#x27;in internet haber sitesi hurriyet.com.tr; Hurriyet.com.tr haber i\u00e7erikleri kaynak g\u00f6sterilmeden al\u0131nt\u0131 yap\u0131lamaz, Kanuna ayk\u0131r\u0131 ve izinsiz olarak kopyalanamaz, ba\u015fka yerde yay\u0131nlanamaz.<\/p>\n","protected":false},"excerpt":{"rendered":"<p>\u015eanl\u0131urfa\u2019n\u0131n Siverek il\u00e7esinde sahte askerli\u011fe elveri\u015fli de\u011fildir raporu d\u00fczenledikleri tespit edilen \u015f\u00fcphelilere y\u00f6nelik y\u00fcr\u00fct\u00fclen soru\u015fturma kapsam\u0131nda&#8230;<\/p>\n","protected":false},"author":2,"featured_media":30161,"comment_status":"open","ping_status":"open","sticky":false,"template":"","format":"standard","meta":{"footnotes":""},"categories":[6,5],"tags":[],"class_list":["post-30162","post","type-post","status-publish","format-standard","has-post-thumbnail","hentry","category-gundem","category-son-dakika"],"_links":{"self":[{"href":"https:\/\/eskigazeteci.com\/index.php?rest_route=\/wp\/v2\/posts\/30162","targetHints":{"allow":["GET"]}}],"collection":[{"href":"https:\/\/eskigazeteci.com\/index.php?rest_route=\/wp\/v2\/posts"}],"about":[{"href":"https:\/\/eskigazeteci.com\/index.php?rest_route=\/wp\/v2\/types\/post"}],"author":[{"embeddable":true,"href":"https:\/\/eskigazeteci.com\/index.php?rest_route=\/wp\/v2\/users\/2"}],"replies":[{"embeddable":true,"href":"https:\/\/eskigazeteci.com\/index.php?rest_route=%2Fwp%2Fv2%2Fcomments&post=30162"}],"version-history":[{"count":0,"href":"https:\/\/eskigazeteci.com\/index.php?rest_route=\/wp\/v2\/posts\/30162\/revisions"}],"wp:featuredmedia":[{"embeddable":true,"href":"https:\/\/eskigazeteci.com\/index.php?rest_route=\/wp\/v2\/media\/30161"}],"wp:attachment":[{"href":"https:\/\/eskigazeteci.com\/index.php?rest_route=%2Fwp%2Fv2%2Fmedia&parent=30162"}],"wp:term":[{"taxonomy":"category","embeddable":true,"href":"https:\/\/eskigazeteci.com\/index.php?rest_route=%2Fwp%2Fv2%2Fcategories&post=30162"},{"taxonomy":"post_tag","embeddable":true,"href":"https:\/\/eskigazeteci.com\/index.php?rest_route=%2Fwp%2Fv2%2Ftags&post=30162"}],"curies":[{"name":"wp","href":"https:\/\/api.w.org\/{rel}","templated":true}]}}