{"id":30160,"date":"2026-04-28T17:45:33","date_gmt":"2026-04-28T17:45:33","guid":{"rendered":"https:\/\/eskigazeteci.com\/?p=30160"},"modified":"2026-04-28T17:45:33","modified_gmt":"2026-04-28T17:45:33","slug":"bakan-bayraktar-ben-bu-sirkete-bir-daha-asla-ruhsat-vermem","status":"publish","type":"post","link":"https:\/\/eskigazeteci.com\/?p=30160","title":{"rendered":"Bakan Bayraktar: Ben bu \u015firkete bir daha asla ruhsat vermem"},"content":{"rendered":"<p>Enerji ve Tabii Kaynaklar Bakan\u0131 Alparslan Bayraktar, S\u0131f\u0131r At\u0131k Vakf\u0131 Ba\u015fkan\u0131 Samed A\u011f\u0131rba\u015f ile birlikte S\u0131f\u0131r At\u0131k Vakf\u0131\u2019nda gazetecilerle bir araya geldi.<\/p>\n<p>Bakan Bayraktar burada yapt\u0131\u011f\u0131 konu\u015fmada maden i\u015f\u00e7ilerinin eylemine ili\u015fkin de\u011ferlendirmelerde bulundu.<\/p>\n<p>&quot;HER \u0130\u015eLER\u0130NDE B\u00d6YLELER&quot;<\/p>\n<p>H\u00fck\u00fcmet olarak ellerinden gelen her \u015feyi yapt\u0131klar\u0131n\u0131 dile getiren Bayraktar, Doruk Maden &#x27;in T\u00fcrkiye&#x27;de i\u015f yapt\u0131\u011f\u0131 bir\u00e7ok alanda problem \u00fcretti\u011fine vurgu yaparak, &quot;\u0130\u015f\u00e7inin alacaklar\u0131 var. F\u0131r\u0131nc\u0131yla servis\u00e7iyle hep problemleri var. Buradaki k\u00f6m\u00fcr santralinde de 2-3 y\u0131ld\u0131r var. Biz m\u00fcdahale ediyoruz s\u00fcrekli. Her i\u015flerinde b\u00f6yleler.&quot; dedi<\/p>\n<p>&quot;E\u011eER ALIM GARANT\u0130S\u0130 VERMESEK \u00c7ALI\u015eMA \u015eANSLARI YOKTU&quot;<\/p>\n<p>En son Eski\u015fehir&#x27;deki maden i\u015f\u00e7ilerinde de ayn\u0131 durumun oldu\u011funu belirten Bakan Bayraktar, &quot;Fakat burada farkl\u0131 bir \u015fey oldu.&quot; diyerek, Enerji ve Tabii Kaynaklar Bakanl\u0131\u011f\u0131 olarak T\u00fcrkiye&#x27;de yerli \u00fcretim k\u00f6m\u00fcre 2029 y\u0131l\u0131na kadar sat\u0131n alma garantisi i\u00e7in Meclis&#x27;ten yetki ald\u0131klar\u0131n\u0131 s\u00f6yledi<\/p>\n<p>&quot;E\u011fer al\u0131m garantisi vermesek \u00e7al\u0131\u015fma \u015fanslar\u0131 yoktu.&quot; diyen Bakan Bayraktar, at\u0131lan bu ad\u0131mla 30 bin ki\u015finin istihdam\u0131n\u0131n da \u00f6n\u00fcn\u00fc a\u00e7t\u0131klar\u0131n\u0131 vurgulad\u0131.<\/p>\n<p>&quot;BEN BU \u015e\u0130RKETE B\u0130R DAHA ASLA RUHSAT VERMEM&quot;<\/p>\n<p>Bakanl\u0131\u011f\u0131n yerli&#8230;<\/p>\n","protected":false},"excerpt":{"rendered":"<p>Enerji ve Tabii Kaynaklar Bakan\u0131 Alparslan Bayraktar, Doruk Maden i\u015f\u00e7ileri konusunda h\u00fck\u00fcmetin elinden geleni yapt\u0131\u011f\u0131n\u0131 vurgulayarak i\u015fverenin \u00e7\u0131kard\u0131\u011f\u0131&#8230;<\/p>\n","protected":false},"author":2,"featured_media":30159,"comment_status":"open","ping_status":"open","sticky":false,"template":"","format":"standard","meta":{"footnotes":""},"categories":[6,5],"tags":[],"class_list":["post-30160","post","type-post","status-publish","format-standard","has-post-thumbnail","hentry","category-gundem","category-son-dakika"],"_links":{"self":[{"href":"https:\/\/eskigazeteci.com\/index.php?rest_route=\/wp\/v2\/posts\/30160","targetHints":{"allow":["GET"]}}],"collection":[{"href":"https:\/\/eskigazeteci.com\/index.php?rest_route=\/wp\/v2\/posts"}],"about":[{"href":"https:\/\/eskigazeteci.com\/index.php?rest_route=\/wp\/v2\/types\/post"}],"author":[{"embeddable":true,"href":"https:\/\/eskigazeteci.com\/index.php?rest_route=\/wp\/v2\/users\/2"}],"replies":[{"embeddable":true,"href":"https:\/\/eskigazeteci.com\/index.php?rest_route=%2Fwp%2Fv2%2Fcomments&post=30160"}],"version-history":[{"count":0,"href":"https:\/\/eskigazeteci.com\/index.php?rest_route=\/wp\/v2\/posts\/30160\/revisions"}],"wp:featuredmedia":[{"embeddable":true,"href":"https:\/\/eskigazeteci.com\/index.php?rest_route=\/wp\/v2\/media\/30159"}],"wp:attachment":[{"href":"https:\/\/eskigazeteci.com\/index.php?rest_route=%2Fwp%2Fv2%2Fmedia&parent=30160"}],"wp:term":[{"taxonomy":"category","embeddable":true,"href":"https:\/\/eskigazeteci.com\/index.php?rest_route=%2Fwp%2Fv2%2Fcategories&post=30160"},{"taxonomy":"post_tag","embeddable":true,"href":"https:\/\/eskigazeteci.com\/index.php?rest_route=%2Fwp%2Fv2%2Ftags&post=30160"}],"curies":[{"name":"wp","href":"https:\/\/api.w.org\/{rel}","templated":true}]}}