{"id":30158,"date":"2026-04-28T17:35:30","date_gmt":"2026-04-28T17:35:30","guid":{"rendered":"https:\/\/eskigazeteci.com\/?p=30158"},"modified":"2026-04-28T17:35:30","modified_gmt":"2026-04-28T17:35:30","slug":"aselsandan-ilk-ceyrekte-rekor-hasilat","status":"publish","type":"post","link":"https:\/\/eskigazeteci.com\/?p=30158","title":{"rendered":"ASELSAN\u2019dan ilk \u00e7eyrekte rekor has\u0131lat"},"content":{"rendered":"<p>ASELSAN taraf\u0131ndan Kamuyu Ayd\u0131nlatma Platformu&#x27;na (KAP) yap\u0131lan a\u00e7\u0131klamaya g\u00f6re, \u015firket, uzun d\u00f6nemli hedeflerine ula\u015fmak amac\u0131yla 2024 y\u0131l\u0131nda uygulamaya ba\u015flad\u0131\u011f\u0131 &quot;aselsaneXt&quot; program\u0131n\u0131n olumlu \u00e7\u0131kt\u0131lar\u0131n\u0131 toplamaya 2026 y\u0131l\u0131nda da devam etti.<\/p>\n<p>G\u00fc\u00e7l\u00fc operasyonel performans\u0131, artan teknoloji yat\u0131r\u0131mlar\u0131 ve disiplinli finansal y\u00f6netimiyle b\u00fcy\u00fcmesini s\u00fcrd\u00fcren \u015firketin ilk \u00e7eyrek has\u0131lat\u0131 ge\u00e7en y\u0131la g\u00f6re reel olarak y\u00fczde 15 b\u00fcy\u00fcyerek 34,3 milyar TL&#x27;ye ula\u015ft\u0131.<\/p>\n<p>Has\u0131latta, \u00c7EL\u0130KKUBBE, radar, elektronik harp, askeri haberle\u015fme, yapay zeka destekli kent g\u00fcvenli\u011fi, elektro-optik ve g\u00fcd\u00fcml\u00fc m\u00fchimmat sistemleri belirleyici rol oynarken, \u015firketin bakiye sipari\u015fleri y\u00fczde 39 art\u0131\u015fla 20,7 milyar dolara y\u00fckseldi.<\/p>\n<p>Y\u0131l\u0131n ilk 3 ay\u0131nda imzalanan yeni ihracat s\u00f6zle\u015fmeleri ise bir \u00f6nceki y\u0131l\u0131n ayn\u0131 d\u00f6nemine g\u00f6re y\u00fczde 69 artt\u0131.<\/p>\n<p>Operasyonel verimlilik ve y\u00fcksek teknolojiye odaklanma stratejilerini kurumsal d\u00f6n\u00fc\u015f\u00fcm faaliyetlerinin merkezinde tutan \u015firketin ilgili d\u00f6nemdeki FAV\u00d6K marj\u0131 ise bir \u00f6nceki y\u0131l\u0131n ayn\u0131 d\u00f6nemine g\u00f6re 260 baz puan artarak y\u00fczde 25,2 seviyesinde ger\u00e7ekle\u015fti.<\/p>\n<p>Ayn\u0131 d\u00f6nemde \u015firketin FAV\u00d6K tutar\u0131 da y\u00fczde 28 artarak 8,6 milyar TL&#x27;ye ula\u015ft\u0131.<\/p>\n<p>S\u00f6z konusu geli\u015fmelere ek olarak&#8230;<\/p>\n","protected":false},"excerpt":{"rendered":"<p>Borsa \u0130stanbul&#8217;un (BIST) en de\u011ferli \u015firketi ASELSAN&#8217;\u0131n 2026 y\u0131l\u0131 ilk \u00e7eyre\u011findeki has\u0131lat\u0131 ge\u00e7en y\u0131l\u0131n ayn\u0131 d\u00f6nemine g\u00f6re reel olarak y\u00fczde 15 artarak 34,3&#8230;<\/p>\n","protected":false},"author":2,"featured_media":30157,"comment_status":"open","ping_status":"open","sticky":false,"template":"","format":"standard","meta":{"footnotes":""},"categories":[6,5],"tags":[],"class_list":["post-30158","post","type-post","status-publish","format-standard","has-post-thumbnail","hentry","category-gundem","category-son-dakika"],"_links":{"self":[{"href":"https:\/\/eskigazeteci.com\/index.php?rest_route=\/wp\/v2\/posts\/30158","targetHints":{"allow":["GET"]}}],"collection":[{"href":"https:\/\/eskigazeteci.com\/index.php?rest_route=\/wp\/v2\/posts"}],"about":[{"href":"https:\/\/eskigazeteci.com\/index.php?rest_route=\/wp\/v2\/types\/post"}],"author":[{"embeddable":true,"href":"https:\/\/eskigazeteci.com\/index.php?rest_route=\/wp\/v2\/users\/2"}],"replies":[{"embeddable":true,"href":"https:\/\/eskigazeteci.com\/index.php?rest_route=%2Fwp%2Fv2%2Fcomments&post=30158"}],"version-history":[{"count":0,"href":"https:\/\/eskigazeteci.com\/index.php?rest_route=\/wp\/v2\/posts\/30158\/revisions"}],"wp:featuredmedia":[{"embeddable":true,"href":"https:\/\/eskigazeteci.com\/index.php?rest_route=\/wp\/v2\/media\/30157"}],"wp:attachment":[{"href":"https:\/\/eskigazeteci.com\/index.php?rest_route=%2Fwp%2Fv2%2Fmedia&parent=30158"}],"wp:term":[{"taxonomy":"category","embeddable":true,"href":"https:\/\/eskigazeteci.com\/index.php?rest_route=%2Fwp%2Fv2%2Fcategories&post=30158"},{"taxonomy":"post_tag","embeddable":true,"href":"https:\/\/eskigazeteci.com\/index.php?rest_route=%2Fwp%2Fv2%2Ftags&post=30158"}],"curies":[{"name":"wp","href":"https:\/\/api.w.org\/{rel}","templated":true}]}}