{"id":30154,"date":"2026-04-28T17:09:42","date_gmt":"2026-04-28T17:09:42","guid":{"rendered":"https:\/\/eskigazeteci.com\/?p=30154"},"modified":"2026-04-28T17:09:42","modified_gmt":"2026-04-28T17:09:42","slug":"disisleri-bakani-hakan-fidan-bosna-hersek-konseyi-baskani-borjana-kristo-ile-gorusmektedir","status":"publish","type":"post","link":"https:\/\/eskigazeteci.com\/?p=30154","title":{"rendered":"D\u0131\u015fi\u015fleri Bakan\u0131 Hakan Fidan Bosna Hersek Konseyi Ba\u015fkan\u0131 Borjana Kristo ile G\u00f6r\u00fc\u015fmektedir"},"content":{"rendered":"<p>D\u0131\u015fi\u015fleri Bakan\u0131 Hakan Fidan, Bosna Hersek Bakanlar Konseyi Ba\u015fkan\u0131 Borjana Kristo ile bir araya geldi. Bu konferans,\u4e24\u56fd\u9593\u306e\u5354\u529b\u3084\u8cbf\u6613\u554f\u984c\u306b\u95a2\u3059\u308b\u8b70\u8ad6\u304c\u884c\u308f\u308c\u305f\u3068\u3055\u308c\u3066\u3044\u307e\u3059\u3002<\/p>\n","protected":false},"excerpt":{"rendered":"<p>Fidan, Kristo ile Bosna Hersek Bakanlar Konseyi Ba\u015fkan\u0131 olma yetkisini dile getirdi.<\/p>\n","protected":false},"author":2,"featured_media":30153,"comment_status":"open","ping_status":"open","sticky":false,"template":"","format":"standard","meta":{"footnotes":""},"categories":[8,6,5],"tags":[],"class_list":["post-30154","post","type-post","status-publish","format-standard","has-post-thumbnail","hentry","category-arsiv","category-gundem","category-son-dakika"],"_links":{"self":[{"href":"https:\/\/eskigazeteci.com\/index.php?rest_route=\/wp\/v2\/posts\/30154","targetHints":{"allow":["GET"]}}],"collection":[{"href":"https:\/\/eskigazeteci.com\/index.php?rest_route=\/wp\/v2\/posts"}],"about":[{"href":"https:\/\/eskigazeteci.com\/index.php?rest_route=\/wp\/v2\/types\/post"}],"author":[{"embeddable":true,"href":"https:\/\/eskigazeteci.com\/index.php?rest_route=\/wp\/v2\/users\/2"}],"replies":[{"embeddable":true,"href":"https:\/\/eskigazeteci.com\/index.php?rest_route=%2Fwp%2Fv2%2Fcomments&post=30154"}],"version-history":[{"count":0,"href":"https:\/\/eskigazeteci.com\/index.php?rest_route=\/wp\/v2\/posts\/30154\/revisions"}],"wp:featuredmedia":[{"embeddable":true,"href":"https:\/\/eskigazeteci.com\/index.php?rest_route=\/wp\/v2\/media\/30153"}],"wp:attachment":[{"href":"https:\/\/eskigazeteci.com\/index.php?rest_route=%2Fwp%2Fv2%2Fmedia&parent=30154"}],"wp:term":[{"taxonomy":"category","embeddable":true,"href":"https:\/\/eskigazeteci.com\/index.php?rest_route=%2Fwp%2Fv2%2Fcategories&post=30154"},{"taxonomy":"post_tag","embeddable":true,"href":"https:\/\/eskigazeteci.com\/index.php?rest_route=%2Fwp%2Fv2%2Ftags&post=30154"}],"curies":[{"name":"wp","href":"https:\/\/api.w.org\/{rel}","templated":true}]}}