{"id":30152,"date":"2026-04-28T17:08:33","date_gmt":"2026-04-28T17:08:33","guid":{"rendered":"https:\/\/eskigazeteci.com\/?p=30152"},"modified":"2026-04-28T17:08:33","modified_gmt":"2026-04-28T17:08:33","slug":"kasapoglu-izmir-mecliste-daha-fazla-ak-partili-milletvekili-ile-temsil-edilmeli","status":"publish","type":"post","link":"https:\/\/eskigazeteci.com\/?p=30152","title":{"rendered":"Kasapo\u011flu: \u0130zmir Meclis&#8217;te daha fazla AK Partili milletvekili ile temsil edilmeli"},"content":{"rendered":"<p>Alia\u011fa, Bergama, \u00c7i\u011fli, Dikili, Fo\u00e7a, K\u0131n\u0131k ve Menemen\u2019den yo\u011fun bir kat\u0131l\u0131mla ge\u00e7en toplant\u0131da Dr. Kasapo\u011flu te\u015fkilat ve \u00f6n\u00fcm\u00fczdeki d\u00f6neme dair dikkat \u00e7ekici a\u00e7\u0131klamalarda bulundu. AK Parti\u2019nin Cumhurba\u015fkan\u0131 Recep Tayyip Erdo\u011fan\u2019\u0131n g\u00fc\u00e7l\u00fc liderli\u011fi ve engin vizyonu ile ortak akl\u0131n, isti\u015farenin, birlikte \u00e7al\u0131\u015fman\u0131n ve zaferin partisi oldu\u011funun alt\u0131n\u0131 \u00e7izdi.<\/p>\n<p>&quot;BU HAREKET\u0130N BEL KEM\u0130\u011e\u0130, OMURGASI, OLMAZSA OLMAZI TE\u015eK\u0130LATIDIR&quot;<\/p>\n<p>Kasapo\u011flu \u201cYakla\u015f\u0131k \u00e7eyrek as\u0131rd\u0131r d\u00fcnya siyasi literat\u00fcr\u00fcnde bir ilk olarak, bir demokrasi \u00f6rne\u011fi olarak her defas\u0131nda milletimizin tevecc\u00fch\u00fcne mazhar olmu\u015f bir harekettir. \u0130\u015fte bu hareketin bel kemi\u011fi, omurgas\u0131, olmazsa olmaz\u0131 te\u015fkilat\u0131d\u0131r. \u0130\u015fte o te\u015fkilatlar, il te\u015fkilat\u0131yla, il\u00e7eleriyle, kad\u0131n kollar\u0131yla, gen\u00e7lik kollar\u0131yla ve \u00fclkemizin her bir noktas\u0131na uzanan mahalleleriyle, mahalle ba\u015fkanlar\u0131yla bir \u00f6rnektir, \u00c7eyrek as\u0131r \u2026 Dile kolay. Yirmi be\u015f y\u0131la yak\u0131n bir m\u00fccadele. Ve kuruldu\u011fu andan itibaren iktidarda bulunmu\u015f, halk\u0131m\u0131z\u0131n iktidar g\u00f6revini verdi\u011fi bir hareket. Her defas\u0131nda sand\u0131k milletimizin \u00f6n\u00fcne kondu\u011funda o sand\u0131ktan lider \u00e7\u0131kmak o sand\u0131\u011f\u0131 AK Parti oylar\u0131yla doldurmak i\u015fte bu te\u015fkilat\u0131n bu aziz te\u015fkilat\u0131n bu g\u00fczide kadronun zaferidir.\u201d&#8230;<\/p>\n","protected":false},"excerpt":{"rendered":"<p>\u00d6nceki d\u00f6nem Gen\u00e7lik ve Spor Bakan\u0131, AK Parti \u0130zmir milletvekili Dr. Mehmet Kasapo\u011flu AK Parti \u0130zmir \u0130l Ba\u015fkanl\u0131\u011f\u0131 taraf\u0131ndan d\u00fczenlenen \u201c\u0130l\u00e7e Y\u00f6netim Kurulu&#8230;<\/p>\n","protected":false},"author":2,"featured_media":30151,"comment_status":"open","ping_status":"open","sticky":false,"template":"","format":"standard","meta":{"footnotes":""},"categories":[8,6,5],"tags":[],"class_list":["post-30152","post","type-post","status-publish","format-standard","has-post-thumbnail","hentry","category-arsiv","category-gundem","category-son-dakika"],"_links":{"self":[{"href":"https:\/\/eskigazeteci.com\/index.php?rest_route=\/wp\/v2\/posts\/30152","targetHints":{"allow":["GET"]}}],"collection":[{"href":"https:\/\/eskigazeteci.com\/index.php?rest_route=\/wp\/v2\/posts"}],"about":[{"href":"https:\/\/eskigazeteci.com\/index.php?rest_route=\/wp\/v2\/types\/post"}],"author":[{"embeddable":true,"href":"https:\/\/eskigazeteci.com\/index.php?rest_route=\/wp\/v2\/users\/2"}],"replies":[{"embeddable":true,"href":"https:\/\/eskigazeteci.com\/index.php?rest_route=%2Fwp%2Fv2%2Fcomments&post=30152"}],"version-history":[{"count":0,"href":"https:\/\/eskigazeteci.com\/index.php?rest_route=\/wp\/v2\/posts\/30152\/revisions"}],"wp:featuredmedia":[{"embeddable":true,"href":"https:\/\/eskigazeteci.com\/index.php?rest_route=\/wp\/v2\/media\/30151"}],"wp:attachment":[{"href":"https:\/\/eskigazeteci.com\/index.php?rest_route=%2Fwp%2Fv2%2Fmedia&parent=30152"}],"wp:term":[{"taxonomy":"category","embeddable":true,"href":"https:\/\/eskigazeteci.com\/index.php?rest_route=%2Fwp%2Fv2%2Fcategories&post=30152"},{"taxonomy":"post_tag","embeddable":true,"href":"https:\/\/eskigazeteci.com\/index.php?rest_route=%2Fwp%2Fv2%2Ftags&post=30152"}],"curies":[{"name":"wp","href":"https:\/\/api.w.org\/{rel}","templated":true}]}}