{"id":30148,"date":"2026-04-28T17:05:29","date_gmt":"2026-04-28T17:05:29","guid":{"rendered":"https:\/\/eskigazeteci.com\/?p=30148"},"modified":"2026-04-28T17:05:29","modified_gmt":"2026-04-28T17:05:29","slug":"son-dakika-hava-durumu-tahminleri-il-il-26","status":"publish","type":"post","link":"https:\/\/eskigazeteci.com\/?p=30148","title":{"rendered":"SON DAK\u0130KA HAVA DURUMU TAHM\u0130NLER\u0130 \u0130L \u0130L"},"content":{"rendered":"<p>Meteoroloji Genel M\u00fcd\u00fcrl\u00fc\u011f\u00fc taraf\u0131ndan yap\u0131lan son de\u011ferlendirmelere g\u00f6re, \u00fclkemiz genelinin par\u00e7al\u0131 ve \u00e7ok bulutlu, Do\u011fu Akdeniz, \u0130\u00e7 Anadolu\u2019nun do\u011fusu (Sivas hari\u00e7), Do\u011fu Anadolu\u2019nun do\u011fusu (Ardahan hari\u00e7), Afyonkarahisar, \u00c7ank\u0131r\u0131, Konya\u2019n\u0131n bat\u0131s\u0131, Antalya\u2019n\u0131n i\u00e7 kesimleri, Isparta&#x27;n\u0131n do\u011fusu, Elaz\u0131\u011f, Bing\u00f6l, Batman, Siirt ve Mardin \u00e7evrelerinin sa\u011fanak ve yer yer g\u00f6k g\u00fcr\u00fclt\u00fcl\u00fc sa\u011fanak ya\u011f\u0131\u015fl\u0131 ge\u00e7ece\u011fi tahmin ediliyor. Ya\u011f\u0131\u015flar\u0131n, Van\u2019\u0131n do\u011fu kesimlerinde yerel kuvvetli olmas\u0131 bekleniyor. Marmara&#x27;n\u0131n do\u011fusu ile Karadeniz&#x27;in i\u00e7 kesimlerinde pus ve yer yer sis hadisesi tahmin ediliyor. Do\u011fu Karadeniz&#x27;in i\u00e7 kesimleri ile Do\u011fu Anadolu&#x27;da y\u00fcksek kar \u00f6rt\u00fcs\u00fcne sahip e\u011fimli alanlarda \u00e7\u0131\u011f ve kar erimesi tehlikesi bulunmaktad\u0131r.<\/p>\n<p>YA\u011eI\u015eLI HAVA GER\u0130 GEL\u0130YOR<\/p>\n<p>Balkanlar \u00fczerinden gelen yeni ya\u011f\u0131\u015fl\u0131 hava sisteminin per\u015fembe g\u00fcn\u00fc Marmara B\u00f6lgesinde ba\u015flayarak cuma g\u00fcn\u00fc itibariyle t\u00fcm yurdu etkisi alt\u0131na almas\u0131 bekleniyor. Yurdun i\u00e7 kesimlerinde devam eden sa\u011fanak ge\u00e7i\u015flerine ek olarak, bat\u0131dan yeni bir ya\u011f\u0131\u015fl\u0131 sistem yakla\u015f\u0131yor. Marmara ve Ege k\u0131y\u0131lar\u0131 ba\u015fta olmak \u00fczere, bat\u0131 b\u00f6lgelerimiz bulutlu ve ya\u011f\u0131\u015fl\u0131 bir havan\u0131n etkisi alt\u0131na girerken; i\u00e7 b\u00f6lgelerde par\u00e7al\u0131 bulutlu ve yer yer g\u00f6k&#8230;<\/p>\n","protected":false},"excerpt":{"rendered":"<p>Hava durumu tahminleri il il Meteoroloji&#8217;nin son dakika raporu ile yay\u0131nland\u0131. Kuvvetli r\u00fczgar \u0130stanbul ve \u00e7evre illerde etkili olurken, sa\u011fanak ya\u011f\u0131\u015f ve&#8230;<\/p>\n","protected":false},"author":2,"featured_media":30147,"comment_status":"open","ping_status":"open","sticky":false,"template":"","format":"standard","meta":{"footnotes":""},"categories":[8,6,5],"tags":[],"class_list":["post-30148","post","type-post","status-publish","format-standard","has-post-thumbnail","hentry","category-arsiv","category-gundem","category-son-dakika"],"_links":{"self":[{"href":"https:\/\/eskigazeteci.com\/index.php?rest_route=\/wp\/v2\/posts\/30148","targetHints":{"allow":["GET"]}}],"collection":[{"href":"https:\/\/eskigazeteci.com\/index.php?rest_route=\/wp\/v2\/posts"}],"about":[{"href":"https:\/\/eskigazeteci.com\/index.php?rest_route=\/wp\/v2\/types\/post"}],"author":[{"embeddable":true,"href":"https:\/\/eskigazeteci.com\/index.php?rest_route=\/wp\/v2\/users\/2"}],"replies":[{"embeddable":true,"href":"https:\/\/eskigazeteci.com\/index.php?rest_route=%2Fwp%2Fv2%2Fcomments&post=30148"}],"version-history":[{"count":0,"href":"https:\/\/eskigazeteci.com\/index.php?rest_route=\/wp\/v2\/posts\/30148\/revisions"}],"wp:featuredmedia":[{"embeddable":true,"href":"https:\/\/eskigazeteci.com\/index.php?rest_route=\/wp\/v2\/media\/30147"}],"wp:attachment":[{"href":"https:\/\/eskigazeteci.com\/index.php?rest_route=%2Fwp%2Fv2%2Fmedia&parent=30148"}],"wp:term":[{"taxonomy":"category","embeddable":true,"href":"https:\/\/eskigazeteci.com\/index.php?rest_route=%2Fwp%2Fv2%2Fcategories&post=30148"},{"taxonomy":"post_tag","embeddable":true,"href":"https:\/\/eskigazeteci.com\/index.php?rest_route=%2Fwp%2Fv2%2Ftags&post=30148"}],"curies":[{"name":"wp","href":"https:\/\/api.w.org\/{rel}","templated":true}]}}