{"id":30146,"date":"2026-04-28T16:55:29","date_gmt":"2026-04-28T16:55:29","guid":{"rendered":"https:\/\/eskigazeteci.com\/?p=30146"},"modified":"2026-04-28T16:55:29","modified_gmt":"2026-04-28T16:55:29","slug":"rumenler-gaziantep-fknin-yeni-hocasi-mirel-radoiyi-anlatti-turkiyede-cok-konusulacak","status":"publish","type":"post","link":"https:\/\/eskigazeteci.com\/?p=30146","title":{"rendered":"Rumenler, Gaziantep FK&#8217;n\u0131n yeni hocas\u0131 Mirel R\u0103doi&#8217;yi anlatt\u0131: &#8216;T\u00fcrkiye&#8217;de \u00e7ok konu\u015fulacak!&#8217;"},"content":{"rendered":"<p>S\u00fcper Lig ekiplerinden Gaziantep FK, Burak Y\u0131lmaz ile yollar\u0131n ayr\u0131lmas\u0131n\u0131n ard\u0131ndan teknik direkt\u00f6rl\u00fck g\u00f6revine 45 ya\u015f\u0131ndaki Rumen \u00e7al\u0131\u015ft\u0131r\u0131c\u0131 Mirel R\u0103doi\u2019yi getirdi.<\/p>\n<p>Son olarak FCSB\u2019de g\u00f6rev yapan Mirel R\u0103doi, burada k\u0131sa s\u00fcren d\u00f6neminde ma\u00e7 ba\u015f\u0131na 2 puan ortalamas\u0131 yakalam\u0131\u015ft\u0131.<\/p>\n<p>Daha \u00f6nce kariyerinde Universitatea Craiova, Al-Jazira Club, Al-Bataeh Club ve Al-Tai FC gibi tak\u0131mlar\u0131 \u00e7al\u0131\u015ft\u0131ran R\u0103doi; ayr\u0131ca Romanya Milli Tak\u0131m\u0131 ve Romanya U21 Milli Tak\u0131m\u0131\u2019nda da g\u00f6rev alm\u0131\u015ft\u0131.<\/p>\n<p>K\u0131rm\u0131z\u0131-siyahl\u0131lar, gen\u00e7 teknik adamla 1.5 y\u0131ll\u0131k s\u00f6zle\u015fme imzalarken, bu tercih Romanya bas\u0131n\u0131nda da geni\u015f yank\u0131 uyand\u0131rd\u0131.<\/p>\n<p>R\u0103doi\u2019nin g\u00f6reve geli\u015finin ard\u0131ndan Rumen futbol muhabirleri, Spor Arena&#x27;dan Ya\u011f\u0131zcan Yaver&#x27;e yapt\u0131klar\u0131 de\u011ferlendirmelerde 45 ya\u015f\u0131ndaki teknik direkt\u00f6r\u00fcn futbol anlay\u0131\u015f\u0131, oyuncularla kurdu\u011fu ili\u015fki ve T\u00fcrkiye\u2019ye uyum s\u00fcrecine dair dikkat \u00e7eken yorumlarda bulundu. Meslekta\u015flar\u0131m\u0131z, gen\u00e7 teknik adam\u0131n disiplinli yap\u0131s\u0131 ve g\u00fc\u00e7l\u00fc karakteriyle \u00f6ne \u00e7\u0131kt\u0131\u011f\u0131n\u0131 vurgulad\u0131.<\/p>\n<p>&quot;FUTBOLCULARIYLA ARKADA\u015e G\u0130B\u0130 \u0130L\u0130\u015eK\u0130 KURUYOR&quot;<\/p>\n<p>1-) Mirel R\u0103doi\u2019yi di\u011fer Rumen teknik direkt\u00f6rlerden ay\u0131ran en belirgin \u00f6zellikleri nelerdir?<\/p>\n<p>Cristian Pintea : Mirel R\u0103doi, teknik direkt\u00f6rl\u00fck kariyerine futbolu b\u0131rak\u0131r&#8230;<\/p>\n","protected":false},"excerpt":{"rendered":"<p>Burak Y\u0131lmaz ile yollar\u0131n ayr\u0131lmas\u0131n\u0131n ard\u0131ndan Gaziantep FK\u2019da teknik direkt\u00f6rl\u00fck g\u00f6revine getirilen 45 ya\u015f\u0131ndaki Rumen \u00e7al\u0131\u015ft\u0131r\u0131c\u0131 Mirel R\u0103doi hakk\u0131nda,&#8230;<\/p>\n","protected":false},"author":2,"featured_media":30145,"comment_status":"open","ping_status":"open","sticky":false,"template":"","format":"standard","meta":{"footnotes":""},"categories":[8,5,7],"tags":[],"class_list":["post-30146","post","type-post","status-publish","format-standard","has-post-thumbnail","hentry","category-arsiv","category-son-dakika","category-spor"],"_links":{"self":[{"href":"https:\/\/eskigazeteci.com\/index.php?rest_route=\/wp\/v2\/posts\/30146","targetHints":{"allow":["GET"]}}],"collection":[{"href":"https:\/\/eskigazeteci.com\/index.php?rest_route=\/wp\/v2\/posts"}],"about":[{"href":"https:\/\/eskigazeteci.com\/index.php?rest_route=\/wp\/v2\/types\/post"}],"author":[{"embeddable":true,"href":"https:\/\/eskigazeteci.com\/index.php?rest_route=\/wp\/v2\/users\/2"}],"replies":[{"embeddable":true,"href":"https:\/\/eskigazeteci.com\/index.php?rest_route=%2Fwp%2Fv2%2Fcomments&post=30146"}],"version-history":[{"count":0,"href":"https:\/\/eskigazeteci.com\/index.php?rest_route=\/wp\/v2\/posts\/30146\/revisions"}],"wp:featuredmedia":[{"embeddable":true,"href":"https:\/\/eskigazeteci.com\/index.php?rest_route=\/wp\/v2\/media\/30145"}],"wp:attachment":[{"href":"https:\/\/eskigazeteci.com\/index.php?rest_route=%2Fwp%2Fv2%2Fmedia&parent=30146"}],"wp:term":[{"taxonomy":"category","embeddable":true,"href":"https:\/\/eskigazeteci.com\/index.php?rest_route=%2Fwp%2Fv2%2Fcategories&post=30146"},{"taxonomy":"post_tag","embeddable":true,"href":"https:\/\/eskigazeteci.com\/index.php?rest_route=%2Fwp%2Fv2%2Ftags&post=30146"}],"curies":[{"name":"wp","href":"https:\/\/api.w.org\/{rel}","templated":true}]}}