{"id":30144,"date":"2026-04-28T16:45:35","date_gmt":"2026-04-28T16:45:35","guid":{"rendered":"https:\/\/eskigazeteci.com\/?p=30144"},"modified":"2026-04-28T16:45:35","modified_gmt":"2026-04-28T16:45:35","slug":"hurjetin-ispanyaya-ihracati-icin-imzalar-atildi","status":"publish","type":"post","link":"https:\/\/eskigazeteci.com\/?p=30144","title":{"rendered":"H\u00dcRJET\u2019in \u0130spanya&#8217;ya ihracat\u0131 i\u00e7in imzalar at\u0131ld\u0131"},"content":{"rendered":"<p>Savunma Sanayii Ba\u015fkan\u0131 Haluk G\u00f6rg\u00fcn, Konuya ili\u015fkin sanal medya hesab\u0131ndan a\u00e7\u0131klama yaparak &quot;Yerli ve milli imkanlar\u0131m\u0131zla geli\u015ftirilen H\u00fcrjet ileri jet e\u011fitim u\u00e7a\u011f\u0131n\u0131n \u0130spanya&#x27;ya ihracat\u0131na ili\u015fkin s\u00f6zle\u015fmenin imza t\u00f6renini ger\u00e7ekle\u015ftirdik. Bu anla\u015fma, T\u00fcrkiye&#x27;nin tarihinde ilk kez insanl\u0131 ve jet motorlu bir hava arac\u0131n\u0131 ihra\u00e7 etmesi bak\u0131m\u0131ndan son derece \u00f6nemli bir d\u00f6n\u00fcm noktas\u0131d\u0131r. TUSA\u015e\u2019\u0131n ana y\u00fcklenicili\u011finde onlarca \u015firketimizin ortak eme\u011fi ile \u00fcretilen H\u00fcrjetlerimiz, Airbus \u0130spanya ve TUSA\u015e taraf\u0131ndan \u0130spanya Hava ve Uzay Kuvvetleri\u2019nin ihtiya\u00e7lar\u0131 do\u011frultusunda konfig\u00fcre edilerek Avrupa semalar\u0131nda T\u00fcrk m\u00fchendisli\u011finin g\u00fcc\u00fcn\u00fc temsil edecektir. Bu proje, NATO \u00e7at\u0131s\u0131 alt\u0131nda peki\u015fen T\u00fcrk-\u0130spanyol dostlu\u011funun savunma sanayiindeki yans\u0131mas\u0131d\u0131r. T\u00fcrkiye, Cumhurba\u015fkan\u0131m\u0131z Say\u0131n Recep Tayyip Erdo\u011fan\u2019\u0131n \u00f6nderli\u011finde y\u00fcr\u00fctt\u00fc\u011f\u00fc milli savunma sanayi seferberli\u011fi neticesinde; uluslararas\u0131 savunma harcamalar\u0131n\u0131n artt\u0131\u011f\u0131 ve tedarik g\u00fcvenli\u011finin s\u0131nand\u0131\u011f\u0131 bir d\u00f6nemde NATO ve Avrupa \u00fclkeleri dahil olmak \u00fczere bir\u00e7ok dost ve m\u00fcttefik \u00fclkenin \u00e7\u00f6z\u00fcm orta\u011f\u0131 haline gelmi\u015ftir. Emekleri ile bu anla\u015fman\u0131n hayata ge\u00e7irilmesine imkan sa\u011flayan ba\u015fta TUSA\u015e\u2019\u0131m\u0131z olmak \u00fczere; \u0130spanya Savunma Bakan&#8230;<\/p>\n","protected":false},"excerpt":{"rendered":"<p>T\u00fcrk Havac\u0131l\u0131k ve Uzay Sanayii (TUSA\u015e) taraf\u0131ndan \u00fcretilen milli jet e\u011fitim u\u00e7a\u011f\u0131 H\u00dcRJET&#8217;in \u0130spanya&#8217;ya ihracat\u0131na ili\u015fkin, Madrid\u2019teki Airbus tesislerinde&#8230;<\/p>\n","protected":false},"author":2,"featured_media":30143,"comment_status":"open","ping_status":"open","sticky":false,"template":"","format":"standard","meta":{"footnotes":""},"categories":[8,6,5],"tags":[],"class_list":["post-30144","post","type-post","status-publish","format-standard","has-post-thumbnail","hentry","category-arsiv","category-gundem","category-son-dakika"],"_links":{"self":[{"href":"https:\/\/eskigazeteci.com\/index.php?rest_route=\/wp\/v2\/posts\/30144","targetHints":{"allow":["GET"]}}],"collection":[{"href":"https:\/\/eskigazeteci.com\/index.php?rest_route=\/wp\/v2\/posts"}],"about":[{"href":"https:\/\/eskigazeteci.com\/index.php?rest_route=\/wp\/v2\/types\/post"}],"author":[{"embeddable":true,"href":"https:\/\/eskigazeteci.com\/index.php?rest_route=\/wp\/v2\/users\/2"}],"replies":[{"embeddable":true,"href":"https:\/\/eskigazeteci.com\/index.php?rest_route=%2Fwp%2Fv2%2Fcomments&post=30144"}],"version-history":[{"count":0,"href":"https:\/\/eskigazeteci.com\/index.php?rest_route=\/wp\/v2\/posts\/30144\/revisions"}],"wp:featuredmedia":[{"embeddable":true,"href":"https:\/\/eskigazeteci.com\/index.php?rest_route=\/wp\/v2\/media\/30143"}],"wp:attachment":[{"href":"https:\/\/eskigazeteci.com\/index.php?rest_route=%2Fwp%2Fv2%2Fmedia&parent=30144"}],"wp:term":[{"taxonomy":"category","embeddable":true,"href":"https:\/\/eskigazeteci.com\/index.php?rest_route=%2Fwp%2Fv2%2Fcategories&post=30144"},{"taxonomy":"post_tag","embeddable":true,"href":"https:\/\/eskigazeteci.com\/index.php?rest_route=%2Fwp%2Fv2%2Ftags&post=30144"}],"curies":[{"name":"wp","href":"https:\/\/api.w.org\/{rel}","templated":true}]}}