{"id":30136,"date":"2026-04-28T16:05:25","date_gmt":"2026-04-28T16:05:25","guid":{"rendered":"https:\/\/eskigazeteci.com\/?p=30136"},"modified":"2026-04-28T16:05:25","modified_gmt":"2026-04-28T16:05:25","slug":"kademeli-emeklilik-son-dakika-gelismeleri-erken-emeklilik-son-durum","status":"publish","type":"post","link":"https:\/\/eskigazeteci.com\/?p=30136","title":{"rendered":"KADEMEL\u0130 EMEKL\u0130L\u0130K SON DAK\u0130KA GEL\u0130\u015eMELER\u0130 &#8211; ERKEN EMEKL\u0130L\u0130K SON DURUM"},"content":{"rendered":"<p>Erken emeklilik yani kademeli emeklilik son durum geli\u015fmeleri 2026 Nisan ay\u0131nda, emekli olmay\u0131 bekleyen milyonlarca \u00e7al\u0131\u015fan\u0131n g\u00fcndeminde yer almay\u0131 s\u00fcrd\u00fcr\u00fcyor. EYT ile emekli olamayan vatanda\u015flar, kademeli emeklilik tablosu, ya\u015f ve prim g\u00fcn say\u0131s\u0131 \u015fartlar\u0131 i\u00e7in Bakanl\u0131k taraf\u0131ndan at\u0131lacak ad\u0131mlara yo\u011funla\u015ft\u0131. Erken emeklilik yani kademeli emeklilik, sigortal\u0131 \u00e7al\u0131\u015fanlar\u0131n belirli bir ya\u015fa ve prim g\u00fcn say\u0131s\u0131na ula\u015ft\u0131klar\u0131nda k\u0131smi olarak emekli olmalar\u0131n\u0131 sa\u011flayan bir sistem olarak biliniyor. Sosyal G\u00fcvenlik Uzman\u0131 Murat Bal konuyla ilgili yapt\u0131\u011f\u0131 a\u00e7\u0131klamada, &quot;Konu siyasilerin s\u0131rt\u0131n\u0131 d\u00f6nemeyece\u011fi bir b\u00fcy\u00fckl\u00fc\u011fe ula\u015fmaktad\u0131r.&quot; demi\u015fti. \u00d6te yandan kademeli emeklilik d\u00fczenlemesi, daha \u00f6nce Meclis&#x27;e sunulmu\u015ftu. 2023 y\u0131l\u0131nda \u00e7\u0131kan Emeklilikte Ya\u015fa Tak\u0131lanlar yasas\u0131ndan faydalanamayan ve emekli olmayan vatanda\u015flar son dakika kademeli emeklilik ne zaman \u00e7\u0131kacak? sorusuna yan\u0131t ar\u0131yor. Peki, kademeli emeklilik ne zaman \u00e7\u0131kacak, \u00e7\u0131kacak m\u0131? 2000 ve 2008 aras\u0131 kademeli emeklilik gelecek mi, ya\u015f ve prim g\u00fcn say\u0131s\u0131 de\u011fi\u015fecek mi? Kademeli emeklilik tablosu belli oldu mu? \u0130\u015fte, kademeli emeklilik son dakika haberleri.<\/p>\n<p>H\u00fcrriyet Gazetesi yazar\u0131 Noyan Do\u011fan, 22 Nisan 2026 tarihli k\u00f6\u015fe yaz\u0131s\u0131nda&#8230;<\/p>\n","protected":false},"excerpt":{"rendered":"<p>Kademeli emeklilik \u015fartlar\u0131 ve tablosu 2026 Nisan ay\u0131nda da kamuoyunun yo\u011funla\u015ft\u0131\u011f\u0131 konular\u0131n ba\u015f\u0131nda geliyor. Ekonominin ana g\u00fcndem konular\u0131ndan olan&#8230;<\/p>\n","protected":false},"author":2,"featured_media":30135,"comment_status":"open","ping_status":"open","sticky":false,"template":"","format":"standard","meta":{"footnotes":""},"categories":[6,5],"tags":[],"class_list":["post-30136","post","type-post","status-publish","format-standard","has-post-thumbnail","hentry","category-gundem","category-son-dakika"],"_links":{"self":[{"href":"https:\/\/eskigazeteci.com\/index.php?rest_route=\/wp\/v2\/posts\/30136","targetHints":{"allow":["GET"]}}],"collection":[{"href":"https:\/\/eskigazeteci.com\/index.php?rest_route=\/wp\/v2\/posts"}],"about":[{"href":"https:\/\/eskigazeteci.com\/index.php?rest_route=\/wp\/v2\/types\/post"}],"author":[{"embeddable":true,"href":"https:\/\/eskigazeteci.com\/index.php?rest_route=\/wp\/v2\/users\/2"}],"replies":[{"embeddable":true,"href":"https:\/\/eskigazeteci.com\/index.php?rest_route=%2Fwp%2Fv2%2Fcomments&post=30136"}],"version-history":[{"count":0,"href":"https:\/\/eskigazeteci.com\/index.php?rest_route=\/wp\/v2\/posts\/30136\/revisions"}],"wp:featuredmedia":[{"embeddable":true,"href":"https:\/\/eskigazeteci.com\/index.php?rest_route=\/wp\/v2\/media\/30135"}],"wp:attachment":[{"href":"https:\/\/eskigazeteci.com\/index.php?rest_route=%2Fwp%2Fv2%2Fmedia&parent=30136"}],"wp:term":[{"taxonomy":"category","embeddable":true,"href":"https:\/\/eskigazeteci.com\/index.php?rest_route=%2Fwp%2Fv2%2Fcategories&post=30136"},{"taxonomy":"post_tag","embeddable":true,"href":"https:\/\/eskigazeteci.com\/index.php?rest_route=%2Fwp%2Fv2%2Ftags&post=30136"}],"curies":[{"name":"wp","href":"https:\/\/api.w.org\/{rel}","templated":true}]}}