{"id":30134,"date":"2026-04-28T15:35:24","date_gmt":"2026-04-28T15:35:24","guid":{"rendered":"https:\/\/eskigazeteci.com\/?p=30134"},"modified":"2026-04-28T15:35:24","modified_gmt":"2026-04-28T15:35:24","slug":"baris-gokturk-fenerbahce-icin-savasmaya-geliyorum","status":"publish","type":"post","link":"https:\/\/eskigazeteci.com\/?p=30134","title":{"rendered":"Bar\u0131\u015f G\u00f6kt\u00fcrk: &#8216;Fenerbah\u00e7e i\u00e7in sava\u015fmaya geliyorum!&#8217;"},"content":{"rendered":"<p>Fenerbah\u00e7e Ba\u015fkan Aday\u0131 Bar\u0131\u015f G\u00f6kt\u00fcrk , Sports Digitale YouTube kanal\u0131nda yapt\u0131\u011f\u0131 a\u00e7\u0131klamalarda kul\u00fcb\u00fcn sportif yap\u0131lanmas\u0131, ekonomik modeli, stadyum projesi, amat\u00f6r bran\u015flar ve se\u00e7im g\u00fcndemine ili\u015fkin de\u011ferlendirmelerde bulundu.<\/p>\n<p>\u201cFenerbah\u00e7e\u2019nin sorunlar\u0131n\u0131 biliyorum\u201d<\/p>\n<p>70 y\u0131ld\u0131r sanayici olan bir ailenin \u00fc\u00e7\u00fcnc\u00fc ku\u015fak temsilcisi oldu\u011funu belirten G\u00f6kt\u00fcrk, 22 y\u0131ll\u0131k ticari hayat\u0131nda orta \u00f6l\u00e7ekli bir aile \u015firketini uluslararas\u0131 \u00f6l\u00e7ekte faaliyet g\u00f6steren bir \u015firketler toplulu\u011funa d\u00f6n\u00fc\u015ft\u00fcrd\u00fc\u011f\u00fcn\u00fc s\u00f6yledi.<\/p>\n<p>G\u00f6kt\u00fcrk, uzun y\u0131llard\u0131r Fenerbah\u00e7e camias\u0131n\u0131n i\u00e7inde yer ald\u0131\u011f\u0131n\u0131, 25 y\u0131ld\u0131r kongre \u00fcyesi oldu\u011funu ve farkl\u0131 d\u00f6nemlerde kul\u00fcp y\u00f6netim s\u00fcre\u00e7lerinde aktif roller \u00fcstlendi\u011fini ifade etti.<\/p>\n<p>2018 y\u0131l\u0131nda Aziz Y\u0131ld\u0131r\u0131m\u2019\u0131n listesinde y\u00f6netime aday oldu\u011funu, 2024 y\u0131l\u0131nda ise Fenerbah\u00e7e Futbol A\u015e Y\u00f6netim Kurulu\u2019nda g\u00f6rev ald\u0131\u011f\u0131n\u0131 belirten G\u00f6kt\u00fcrk, son \u00fc\u00e7 ba\u015fkanla da farkl\u0131 seviyelerde \u00e7al\u0131\u015fma imk\u00e2n\u0131 buldu\u011funu s\u00f6yledi.<\/p>\n<p>\u201cG\u00fc\u00e7l\u00fc Ba\u015fkan de\u011fil, G\u00fc\u00e7l\u00fc Fenerbah\u00e7e\u201d<\/p>\n<p>G\u00f6kt\u00fcrk, Fenerbah\u00e7e\u2019nin kal\u0131c\u0131 ba\u015far\u0131 i\u00e7in \u015fah\u0131slardan ba\u011f\u0131ms\u0131z bir modele ihtiya\u00e7 duydu\u011funu vurgulad\u0131. Kul\u00fcb\u00fcn profesyonel futbol akl\u0131, g\u00fc\u00e7l\u00fc mali yap\u0131 ve s\u00fcrd\u00fcr\u00fclebilir sportif ba\u015far\u0131 modeliyle y\u00f6netilmesi gerekti\u011fini belirtti.<\/p>\n<p>\u201c40&#8230;<\/p>\n","protected":false},"excerpt":{"rendered":"<p>Fenerbah\u00e7e&#8217;de 6-7 Haziran tarihlerinde yap\u0131laca\u011f\u0131 a\u00e7\u0131klanan ba\u015fkanl\u0131k se\u00e7imi \u00f6ncesi adayl\u0131\u011f\u0131n\u0131 a\u00e7\u0131klayan ilk isim Bar\u0131\u015f G\u00f6kt\u00fcrk oldu. G\u00f6kt\u00fcrk, teknik&#8230;<\/p>\n","protected":false},"author":2,"featured_media":30133,"comment_status":"open","ping_status":"open","sticky":false,"template":"","format":"standard","meta":{"footnotes":""},"categories":[5,7],"tags":[],"class_list":["post-30134","post","type-post","status-publish","format-standard","has-post-thumbnail","hentry","category-son-dakika","category-spor"],"_links":{"self":[{"href":"https:\/\/eskigazeteci.com\/index.php?rest_route=\/wp\/v2\/posts\/30134","targetHints":{"allow":["GET"]}}],"collection":[{"href":"https:\/\/eskigazeteci.com\/index.php?rest_route=\/wp\/v2\/posts"}],"about":[{"href":"https:\/\/eskigazeteci.com\/index.php?rest_route=\/wp\/v2\/types\/post"}],"author":[{"embeddable":true,"href":"https:\/\/eskigazeteci.com\/index.php?rest_route=\/wp\/v2\/users\/2"}],"replies":[{"embeddable":true,"href":"https:\/\/eskigazeteci.com\/index.php?rest_route=%2Fwp%2Fv2%2Fcomments&post=30134"}],"version-history":[{"count":0,"href":"https:\/\/eskigazeteci.com\/index.php?rest_route=\/wp\/v2\/posts\/30134\/revisions"}],"wp:featuredmedia":[{"embeddable":true,"href":"https:\/\/eskigazeteci.com\/index.php?rest_route=\/wp\/v2\/media\/30133"}],"wp:attachment":[{"href":"https:\/\/eskigazeteci.com\/index.php?rest_route=%2Fwp%2Fv2%2Fmedia&parent=30134"}],"wp:term":[{"taxonomy":"category","embeddable":true,"href":"https:\/\/eskigazeteci.com\/index.php?rest_route=%2Fwp%2Fv2%2Fcategories&post=30134"},{"taxonomy":"post_tag","embeddable":true,"href":"https:\/\/eskigazeteci.com\/index.php?rest_route=%2Fwp%2Fv2%2Ftags&post=30134"}],"curies":[{"name":"wp","href":"https:\/\/api.w.org\/{rel}","templated":true}]}}