{"id":30132,"date":"2026-04-28T15:15:23","date_gmt":"2026-04-28T15:15:23","guid":{"rendered":"https:\/\/eskigazeteci.com\/?p=30132"},"modified":"2026-04-28T15:15:23","modified_gmt":"2026-04-28T15:15:23","slug":"taliscadan-penalti-aciklamasi-sorumluluk-bana-ait","status":"publish","type":"post","link":"https:\/\/eskigazeteci.com\/?p=30132","title":{"rendered":"Talisca&#8217;dan penalt\u0131 a\u00e7\u0131klamas\u0131: &#8216;Sorumluluk bana ait!&#8217;"},"content":{"rendered":"<p>Fenerbah\u00e7e &#x27;de Anderson Talisca , Galatasaray derbisinde ka\u00e7\u0131rd\u0131\u011f\u0131 penalt\u0131 hakk\u0131nda sosyal medya hesab\u0131ndan bir a\u00e7\u0131klama yay\u0131nlad\u0131.<\/p>\n<p>Talisca&#x27;n\u0131n a\u00e7\u0131klamas\u0131 \u015fu \u015fekilde oldu:<\/p>\n<p>Penalt\u0131y\u0131 atan benim. Sorumluluk bana ait. \u0130\u015fte b\u00f6yle anlarda ger\u00e7ek tak\u0131m arkada\u015flar\u0131n\u0131n kim oldu\u011funu g\u00f6r\u00fcrs\u00fcn. Penalt\u0131y\u0131 atmam\u0131 kimse s\u00f6ylemedi, \u00e7\u00fcnk\u00fc penalt\u0131y\u0131 atan benim. Bu sorumlulu\u011fu ben ald\u0131m, \u00e7\u00fcnk\u00fc bu benim g\u00f6revim. E\u011fer derbide gol\u00fc atsayd\u0131m, en iyisi olurdum \u2014 daha \u00f6nce bir\u00e7ok ma\u00e7ta oldu\u011fum gibi. Ama sonu\u00e7ta&#8230; bu oyunun bir par\u00e7as\u0131.<\/p>\n<p>Herkesin fikrine sayg\u0131 duyuyorum. Ama nas\u0131l bir oyuncu oldu\u011fumu biliyorum \u2014 bu y\u00fczden bu formay\u0131 giyiyorum. Farkl\u0131 pozisyonlarda oynuyorum: sa\u011f kanat, 9 numara, 8 numara, 10 numara&#8230; ve bunu gururla yap\u0131yorum. Tek hedefim var: kul\u00fcb\u00fcn \u015fampiyon olmas\u0131na yard\u0131mc\u0131 olmak. Hi\u00e7bir \u015feyden, hi\u00e7 kimseden saklanmam.<\/p>\n<p>T\u00fcrkiye&#x27;den ve D\u00fcnya\u2019dan son dakika haberleri, k\u00f6\u015fe yaz\u0131lar\u0131, magazinden siyasete, spordan seyahate b\u00fct\u00fcn konular\u0131n tek adresi Hurriyet.com.tr haber i\u00e7erikleri izin al\u0131nmadan, kaynak g\u00f6sterilerek dahi iktibas edilemez. Kanuna ayk\u0131r\u0131 ve izinsiz olarak kopyalanamaz, ba\u015fka yerde yay\u0131nlanamaz.<\/p>\n","protected":false},"excerpt":{"rendered":"<p>Anderson Talisca, Galatasaray derbisinde ka\u00e7\u0131rd\u0131\u011f\u0131 penalt\u0131 ile ilgili a\u00e7\u0131klamada bulundu.<\/p>\n","protected":false},"author":2,"featured_media":30131,"comment_status":"open","ping_status":"open","sticky":false,"template":"","format":"standard","meta":{"footnotes":""},"categories":[8,5,7],"tags":[],"class_list":["post-30132","post","type-post","status-publish","format-standard","has-post-thumbnail","hentry","category-arsiv","category-son-dakika","category-spor"],"_links":{"self":[{"href":"https:\/\/eskigazeteci.com\/index.php?rest_route=\/wp\/v2\/posts\/30132","targetHints":{"allow":["GET"]}}],"collection":[{"href":"https:\/\/eskigazeteci.com\/index.php?rest_route=\/wp\/v2\/posts"}],"about":[{"href":"https:\/\/eskigazeteci.com\/index.php?rest_route=\/wp\/v2\/types\/post"}],"author":[{"embeddable":true,"href":"https:\/\/eskigazeteci.com\/index.php?rest_route=\/wp\/v2\/users\/2"}],"replies":[{"embeddable":true,"href":"https:\/\/eskigazeteci.com\/index.php?rest_route=%2Fwp%2Fv2%2Fcomments&post=30132"}],"version-history":[{"count":0,"href":"https:\/\/eskigazeteci.com\/index.php?rest_route=\/wp\/v2\/posts\/30132\/revisions"}],"wp:featuredmedia":[{"embeddable":true,"href":"https:\/\/eskigazeteci.com\/index.php?rest_route=\/wp\/v2\/media\/30131"}],"wp:attachment":[{"href":"https:\/\/eskigazeteci.com\/index.php?rest_route=%2Fwp%2Fv2%2Fmedia&parent=30132"}],"wp:term":[{"taxonomy":"category","embeddable":true,"href":"https:\/\/eskigazeteci.com\/index.php?rest_route=%2Fwp%2Fv2%2Fcategories&post=30132"},{"taxonomy":"post_tag","embeddable":true,"href":"https:\/\/eskigazeteci.com\/index.php?rest_route=%2Fwp%2Fv2%2Ftags&post=30132"}],"curies":[{"name":"wp","href":"https:\/\/api.w.org\/{rel}","templated":true}]}}