{"id":30130,"date":"2026-04-28T15:08:28","date_gmt":"2026-04-28T15:08:28","guid":{"rendered":"https:\/\/eskigazeteci.com\/?p=30130"},"modified":"2026-04-28T15:08:28","modified_gmt":"2026-04-28T15:08:28","slug":"ibb-davasi-savci-soytekine-sordu-imamoglu-operasyon-yapilacak-tedbir-al-dedi-mi","status":"publish","type":"post","link":"https:\/\/eskigazeteci.com\/?p=30130","title":{"rendered":"\u0130BB davas\u0131&#8230; Savc\u0131, Soytekin&#8217;e sordu: \u0130mamo\u011flu, &#8216;operasyon yap\u0131lacak, tedbir al&#8217; dedi mi?"},"content":{"rendered":"<p>Adem Soytekin savunmas\u0131nda, &quot;Bug\u00fcne kadar i\u015f almak i\u00e7in kimsenin kap\u0131s\u0131na gitmedim. Dosyada yer alan bir\u00e7ok hususun temelinde, belediye g\u00f6revinde kamuya y\u00f6nelik yap\u0131lan okul, kre\u015f, cami, yurt, mezar gibi yap\u0131lar\u0131n taraf\u0131m\u0131zca yap\u0131lm\u0131\u015f olmas\u0131 yatmaktad\u0131r. Ben r\u00fc\u015fvet organizasyonu kuran, y\u00f6neten, arac\u0131l\u0131k eden birisi de\u011filim. Ben i\u015f yapan ve yapt\u0131\u011f\u0131m i\u015fin kar\u015f\u0131l\u0131\u011f\u0131n\u0131 alan bir m\u00fcteahhitim. \u0130\u015fimizi tamamlad\u0131ktan sonra hak edi\u015flerimizi kimi zaman nakit, kimi zaman \u00e7ek olarak tahsil etmi\u015fiz. Benim bilgim ve iradem dahilindeki k\u0131s\u0131m sadece buras\u0131d\u0131r. Beylikd\u00fcz\u00fc Belediyesi\u2019nin, her belediye gibi, pek \u00e7ok kamu hizmetinde tahsis edilecek tesisler yapt\u0131\u011f\u0131 bilinmektedir. Halen de b\u00fct\u00fcn belediyeler bu tesisleri yapmaktad\u0131r yapmaya da devam edecektir. Genelde belediyeler, hepinizin bildi\u011fi gibi, bu tesisleri kendi kaynaklar\u0131yla yapmazlar. Do\u011frudur, yanl\u0131\u015ft\u0131r, bu ayr\u0131 bir meseledir; ancak bu tesisler genellikle ba\u011f\u0131\u015flarla yap\u0131l\u0131r. Ad\u0131na g\u00f6n\u00fcll\u00fc ba\u011f\u0131\u015f her ne denirse densin, bu i\u015flerin y\u00fcr\u00fcy\u00fc\u015f\u00fc b\u00f6yledir. Tan\u0131\u015fma s\u00fcreci akabinde Beylikd\u00fcz\u00fc Belediyesi\u2019nden, tamam\u0131 ihalesiz olarak yap\u0131lan bu i\u015fleri ald\u0131m ve yapt\u0131m. Benim bu tesisleri yapt\u0131\u011f\u0131m sabittir. Nereden sabittir. Bizzat iddia makam\u0131n\u0131n&#8230;<\/p>\n","protected":false},"excerpt":{"rendered":"<p>\u0130BB&#8217;ye y\u00f6nelik &#8216;Yolsuzluk&#8217; davas\u0131nda aralar\u0131nda g\u00f6revinden uzakla\u015ft\u0131r\u0131lan Ekrem \u0130mamo\u011flu\u2019nun da bulundu\u011fu 92 tutuklu 414 san\u0131k duru\u015fman\u0131n sekizinci&#8230;<\/p>\n","protected":false},"author":2,"featured_media":30129,"comment_status":"open","ping_status":"open","sticky":false,"template":"","format":"standard","meta":{"footnotes":""},"categories":[8,6,5],"tags":[],"class_list":["post-30130","post","type-post","status-publish","format-standard","has-post-thumbnail","hentry","category-arsiv","category-gundem","category-son-dakika"],"_links":{"self":[{"href":"https:\/\/eskigazeteci.com\/index.php?rest_route=\/wp\/v2\/posts\/30130","targetHints":{"allow":["GET"]}}],"collection":[{"href":"https:\/\/eskigazeteci.com\/index.php?rest_route=\/wp\/v2\/posts"}],"about":[{"href":"https:\/\/eskigazeteci.com\/index.php?rest_route=\/wp\/v2\/types\/post"}],"author":[{"embeddable":true,"href":"https:\/\/eskigazeteci.com\/index.php?rest_route=\/wp\/v2\/users\/2"}],"replies":[{"embeddable":true,"href":"https:\/\/eskigazeteci.com\/index.php?rest_route=%2Fwp%2Fv2%2Fcomments&post=30130"}],"version-history":[{"count":0,"href":"https:\/\/eskigazeteci.com\/index.php?rest_route=\/wp\/v2\/posts\/30130\/revisions"}],"wp:featuredmedia":[{"embeddable":true,"href":"https:\/\/eskigazeteci.com\/index.php?rest_route=\/wp\/v2\/media\/30129"}],"wp:attachment":[{"href":"https:\/\/eskigazeteci.com\/index.php?rest_route=%2Fwp%2Fv2%2Fmedia&parent=30130"}],"wp:term":[{"taxonomy":"category","embeddable":true,"href":"https:\/\/eskigazeteci.com\/index.php?rest_route=%2Fwp%2Fv2%2Fcategories&post=30130"},{"taxonomy":"post_tag","embeddable":true,"href":"https:\/\/eskigazeteci.com\/index.php?rest_route=%2Fwp%2Fv2%2Ftags&post=30130"}],"curies":[{"name":"wp","href":"https:\/\/api.w.org\/{rel}","templated":true}]}}