{"id":30128,"date":"2026-04-28T15:06:56","date_gmt":"2026-04-28T15:06:56","guid":{"rendered":"https:\/\/eskigazeteci.com\/?p=30128"},"modified":"2026-04-28T15:06:56","modified_gmt":"2026-04-28T15:06:56","slug":"besiktastaki-polis-noktasina-yonelik-teror-saldirisina-iliskin-tedavisi-tamamlanan-saldirgan-tutuklandi","status":"publish","type":"post","link":"https:\/\/eskigazeteci.com\/?p=30128","title":{"rendered":"Be\u015fikta\u015f&#8217;taki polis noktas\u0131na y\u00f6nelik ter\u00f6r sald\u0131r\u0131s\u0131na ili\u015fkin tedavisi tamamlanan sald\u0131rgan tutukland\u0131"},"content":{"rendered":"<p>\u0130stanbul Cumhuriyet Ba\u015fsavc\u0131l\u0131\u011f\u0131nca, Levent Mahallesi C\u00f6mert Sokak&#x27;ta Yap\u0131 Kredi Plaza \u00f6n\u00fcndeki polis noktas\u0131na y\u00f6nelik ter\u00f6r sald\u0131r\u0131s\u0131na ili\u015fkin y\u00fcr\u00fct\u00fclen soru\u015fturma s\u00fcr\u00fcyor. Polis ekipleri ile sald\u0131rganlar aras\u0131nda ya\u015fanan \u00e7at\u0131\u015fmada, 2 emniyet mensubunun yaralanm\u0131\u015f, 1 sald\u0131rgan \u00f6l\u00fc, 2 sald\u0131rgan ise yaral\u0131 olarak ele ge\u00e7irilmi\u015fti.<\/p>\n<p>Soru\u015fturma kapsam\u0131nda 18 \u015f\u00fcpheliden 13\u2019\u00fc tutuklanm\u0131\u015ft\u0131. Sald\u0131r\u0131da yaral\u0131 olarak ele ge\u00e7irilen sald\u0131rganlardan Onur \u00c7elik, taburcu olmas\u0131n\u0131n ard\u0131ndan sevk edildi\u011fi sulh ceza hakimli\u011fince tutuklanm\u0131\u015ft\u0131. Yaral\u0131 olarak ele ge\u00e7irilen Ahmet \u0130mrak&#x27;in ise taburcu edildi\u011fi \u00f6\u011frenildi. Tedavisinin ard\u0131ndan \u0130stanbul Ter\u00f6rle M\u00fccadele \u015eubesine g\u00f6t\u00fcr\u00fclen \u00c7elik, emniyetteki i\u015flemlerinin ard\u0131ndan adliyeye sevk edildi. Burada savc\u0131l\u0131\u011fa ifade veren Ahmet \u0130mrak, tutuklanarak cezaevine g\u00f6t\u00fcr\u00fcld\u00fc.<\/p>\n<p>T\u00fcrkiye g\u00fcndeminden son dakika haberleri, bug\u00fcn ya\u015fanan en son geli\u015fmeler, siyaset g\u00fcndeminden g\u00fcncel haberler ve b\u00fct\u00fcn son dakika haberleri i\u00e7in H\u00fcrriyet&#x27;in internet haber sitesi hurriyet.com.tr; Hurriyet.com.tr haber i\u00e7erikleri kaynak g\u00f6sterilmeden al\u0131nt\u0131 yap\u0131lamaz, Kanuna ayk\u0131r\u0131 ve izinsiz olarak kopyalanamaz, ba\u015fka yerde yay\u0131nlanamaz.<\/p>\n","protected":false},"excerpt":{"rendered":"<p>Be\u015fikta\u015f&#8217;ta, Yap\u0131 Kredi Plaza \u00f6n\u00fcndeki polis noktas\u0131na d\u00fczenlenen silahl\u0131 sald\u0131r\u0131 s\u0131ras\u0131nda \u00e7\u0131kan \u00e7at\u0131\u015fmada yaral\u0131 olarak ele ge\u00e7irilen sald\u0131rganlardan Ahmet&#8230;<\/p>\n","protected":false},"author":2,"featured_media":30127,"comment_status":"open","ping_status":"open","sticky":false,"template":"","format":"standard","meta":{"footnotes":""},"categories":[8,6,5],"tags":[],"class_list":["post-30128","post","type-post","status-publish","format-standard","has-post-thumbnail","hentry","category-arsiv","category-gundem","category-son-dakika"],"_links":{"self":[{"href":"https:\/\/eskigazeteci.com\/index.php?rest_route=\/wp\/v2\/posts\/30128","targetHints":{"allow":["GET"]}}],"collection":[{"href":"https:\/\/eskigazeteci.com\/index.php?rest_route=\/wp\/v2\/posts"}],"about":[{"href":"https:\/\/eskigazeteci.com\/index.php?rest_route=\/wp\/v2\/types\/post"}],"author":[{"embeddable":true,"href":"https:\/\/eskigazeteci.com\/index.php?rest_route=\/wp\/v2\/users\/2"}],"replies":[{"embeddable":true,"href":"https:\/\/eskigazeteci.com\/index.php?rest_route=%2Fwp%2Fv2%2Fcomments&post=30128"}],"version-history":[{"count":0,"href":"https:\/\/eskigazeteci.com\/index.php?rest_route=\/wp\/v2\/posts\/30128\/revisions"}],"wp:featuredmedia":[{"embeddable":true,"href":"https:\/\/eskigazeteci.com\/index.php?rest_route=\/wp\/v2\/media\/30127"}],"wp:attachment":[{"href":"https:\/\/eskigazeteci.com\/index.php?rest_route=%2Fwp%2Fv2%2Fmedia&parent=30128"}],"wp:term":[{"taxonomy":"category","embeddable":true,"href":"https:\/\/eskigazeteci.com\/index.php?rest_route=%2Fwp%2Fv2%2Fcategories&post=30128"},{"taxonomy":"post_tag","embeddable":true,"href":"https:\/\/eskigazeteci.com\/index.php?rest_route=%2Fwp%2Fv2%2Ftags&post=30128"}],"curies":[{"name":"wp","href":"https:\/\/api.w.org\/{rel}","templated":true}]}}