{"id":30126,"date":"2026-04-28T15:05:24","date_gmt":"2026-04-28T15:05:24","guid":{"rendered":"https:\/\/eskigazeteci.com\/?p=30126"},"modified":"2026-04-28T15:05:24","modified_gmt":"2026-04-28T15:05:24","slug":"nato-zirvesi-oncesi-dikkat-ceken-aciklama-tum-gozler-ankarada","status":"publish","type":"post","link":"https:\/\/eskigazeteci.com\/?p=30126","title":{"rendered":"NATO zirvesi \u00f6ncesi dikkat \u00e7eken a\u00e7\u0131klama: T\u00fcm g\u00f6zler Ankara\u2019da"},"content":{"rendered":"<p>Bel\u00e7ika Savunma Bakan\u0131 Theo Francken, 7-8 Temmuz tarihlerinde Ankara\u2019da d\u00fczenlenecek NATO Zirvesi \u00f6ncesi dikkat \u00e7eken bir a\u00e7\u0131klama yapt\u0131.<\/p>\n<p>ABD ziyareti s\u0131ras\u0131nda konu\u015fan Francken, \u201cT\u00fcm g\u00f6zler Ankara\u2019da\u201d ifadelerini kulland\u0131.<\/p>\n<p>MESAJINI ABD Z\u0130YARET\u0130 SIRASINDA VERD\u0130<\/p>\n<p>Resmi temaslarda bulunmak \u00fczere ABD\u2019ye giden Francken, ABD merkezli X \u015firketinin sosyal medya platformundaki hesab\u0131ndan payla\u015f\u0131m yapt\u0131.<\/p>\n<p>Payla\u015f\u0131m\u0131nda Ankara\u2019da ger\u00e7ekle\u015ftirilecek NATO Zirvesi\u2019ne i\u015faret eden Bel\u00e7ikal\u0131 Bakan, zirvenin k\u00fcresel g\u00fcvenlik a\u00e7\u0131s\u0131ndan kritik \u00f6nemde oldu\u011funu vurgulad\u0131.<\/p>\n<p>SAVUNMA HARCAMALARI G\u00dcNDEMDE<\/p>\n<p>Francken, NATO Zirvesi \u00f6ncesinde ABD\u2019nin Avrupal\u0131 m\u00fcttefiklere savunma harcamalar\u0131n\u0131 art\u0131rmalar\u0131 y\u00f6n\u00fcnde bask\u0131 yapt\u0131\u011f\u0131n\u0131 belirtti.<\/p>\n<p>Savunma sanayisinin de bu s\u00fcrece e\u015flik etmesi gerekti\u011fini kaydeden Francken, \u00fclkelerin askeri kapasitesini g\u00fc\u00e7lendirmesinin \u00f6nemine dikkat \u00e7ekti.<\/p>\n<p>ABD-\u0130RAN SAVA\u015eI VE H\u00dcRM\u00dcZ BO\u011eAZI DETAYI<\/p>\n<p>Bel\u00e7ika Savunma Bakan\u0131 , ABD-\u0130ran Sava\u015f\u0131\u2019n\u0131n da g\u00fcndemde oldu\u011funu hat\u0131rlatarak, Washington ile Tahran aras\u0131nda istikrarl\u0131 bir ate\u015fkes sa\u011flanmas\u0131n\u0131n ard\u0131ndan H\u00fcrm\u00fcz Bo\u011faz\u0131\u2019n\u0131n g\u00fcvenli\u011fini korumak amac\u0131yla Avrupa destekli bir operasyona katk\u0131 karar\u0131 al\u0131nd\u0131\u011f\u0131n\u0131 s\u00f6yledi.<\/p>\n<p>BEL\u00c7\u0130KA GEM\u0130S\u0130 DO\u011eU&#8230;<\/p>\n","protected":false},"excerpt":{"rendered":"<p>Bel\u00e7ika Savunma Bakan\u0131 Theo Francken, T\u00fcrkiye&#8217;de ger\u00e7ekle\u015fmesi planlanan NATO Zirvesi&#8217;ne i\u015faret etti. Francken, yapt\u0131\u011f\u0131 a\u00e7\u0131klamada T\u00fcm g\u00f6zler Ankara&#8217;da&#8230;<\/p>\n","protected":false},"author":2,"featured_media":30125,"comment_status":"open","ping_status":"open","sticky":false,"template":"","format":"standard","meta":{"footnotes":""},"categories":[8,6,5],"tags":[],"class_list":["post-30126","post","type-post","status-publish","format-standard","has-post-thumbnail","hentry","category-arsiv","category-gundem","category-son-dakika"],"_links":{"self":[{"href":"https:\/\/eskigazeteci.com\/index.php?rest_route=\/wp\/v2\/posts\/30126","targetHints":{"allow":["GET"]}}],"collection":[{"href":"https:\/\/eskigazeteci.com\/index.php?rest_route=\/wp\/v2\/posts"}],"about":[{"href":"https:\/\/eskigazeteci.com\/index.php?rest_route=\/wp\/v2\/types\/post"}],"author":[{"embeddable":true,"href":"https:\/\/eskigazeteci.com\/index.php?rest_route=\/wp\/v2\/users\/2"}],"replies":[{"embeddable":true,"href":"https:\/\/eskigazeteci.com\/index.php?rest_route=%2Fwp%2Fv2%2Fcomments&post=30126"}],"version-history":[{"count":0,"href":"https:\/\/eskigazeteci.com\/index.php?rest_route=\/wp\/v2\/posts\/30126\/revisions"}],"wp:featuredmedia":[{"embeddable":true,"href":"https:\/\/eskigazeteci.com\/index.php?rest_route=\/wp\/v2\/media\/30125"}],"wp:attachment":[{"href":"https:\/\/eskigazeteci.com\/index.php?rest_route=%2Fwp%2Fv2%2Fmedia&parent=30126"}],"wp:term":[{"taxonomy":"category","embeddable":true,"href":"https:\/\/eskigazeteci.com\/index.php?rest_route=%2Fwp%2Fv2%2Fcategories&post=30126"},{"taxonomy":"post_tag","embeddable":true,"href":"https:\/\/eskigazeteci.com\/index.php?rest_route=%2Fwp%2Fv2%2Ftags&post=30126"}],"curies":[{"name":"wp","href":"https:\/\/api.w.org\/{rel}","templated":true}]}}