{"id":30124,"date":"2026-04-28T14:55:21","date_gmt":"2026-04-28T14:55:21","guid":{"rendered":"https:\/\/eskigazeteci.com\/?p=30124"},"modified":"2026-04-28T14:55:21","modified_gmt":"2026-04-28T14:55:21","slug":"disisleri-bakani-hakan-fidan-uc-deniz-girisimi-11inci-zirvesine-katildi","status":"publish","type":"post","link":"https:\/\/eskigazeteci.com\/?p=30124","title":{"rendered":"D\u0131\u015fi\u015fleri Bakan\u0131 Hakan Fidan, \u00dc\u00e7 Deniz Giri\u015fimi 11\u2019inci Zirvesi&#8217;ne kat\u0131ld\u0131"},"content":{"rendered":"<p>D\u0131\u015fi\u015fleri Bakan\u0131 Hakan Fidan , H\u0131rvatistan ev sahipli\u011finde ger\u00e7ekle\u015ftirilen \u00dc\u00e7 Deniz Giri\u015fimi (\u00dcDG) 11\u2019inci Zirvesi temaslar\u0131na ba\u015flad\u0131.<\/p>\n<p>Zirvenin genel oturumuna Cumhurba\u015fkan\u0131 Recep Tayyip Erdo\u011fan&#x27;\u0131 temsilen kat\u0131lan Fidan, toplant\u0131 \u00f6ncesinde liderlerle birlikte aile foto\u011fraf\u0131 \u00e7ekiminde yer ald\u0131.<\/p>\n<p>Yurtd\u0131\u015f\u0131nda ya\u015fanan en son olaylar, d\u00fcnya g\u00fcndemine oturan d\u0131\u015f haberler, son dakika d\u00fcnya haberleri, di\u011fer d\u00fcnya \u00fclkelerinden g\u00fcncel haberler i\u00e7in T\u00fcrkiye&#x27;nin haber sitesi hurriyet.com.tr; Hurriyet.com.tr haber i\u00e7erikleri kaynak g\u00f6sterilmeden al\u0131nt\u0131 yap\u0131lamaz, Kanuna ayk\u0131r\u0131 ve izinsiz olarak kopyalanamaz, ba\u015fka yerde yay\u0131nlanamaz.<\/p>\n","protected":false},"excerpt":{"rendered":"<p>D\u0131\u015fi\u015fleri Bakan\u0131 Hakan Fidan, Cumhurba\u015fkan\u0131 Recep Tayyip Erdo\u011fan&#8217;\u0131 temsilen H\u0131rvatistan&#8217;\u0131n Dubrovnik kentinde d\u00fczenlenen \u00dc\u00e7 Deniz Giri\u015fimi 11\u2019inci Zirvesi&#8230;<\/p>\n","protected":false},"author":2,"featured_media":30123,"comment_status":"open","ping_status":"open","sticky":false,"template":"","format":"standard","meta":{"footnotes":""},"categories":[8,6,5],"tags":[],"class_list":["post-30124","post","type-post","status-publish","format-standard","has-post-thumbnail","hentry","category-arsiv","category-gundem","category-son-dakika"],"_links":{"self":[{"href":"https:\/\/eskigazeteci.com\/index.php?rest_route=\/wp\/v2\/posts\/30124","targetHints":{"allow":["GET"]}}],"collection":[{"href":"https:\/\/eskigazeteci.com\/index.php?rest_route=\/wp\/v2\/posts"}],"about":[{"href":"https:\/\/eskigazeteci.com\/index.php?rest_route=\/wp\/v2\/types\/post"}],"author":[{"embeddable":true,"href":"https:\/\/eskigazeteci.com\/index.php?rest_route=\/wp\/v2\/users\/2"}],"replies":[{"embeddable":true,"href":"https:\/\/eskigazeteci.com\/index.php?rest_route=%2Fwp%2Fv2%2Fcomments&post=30124"}],"version-history":[{"count":0,"href":"https:\/\/eskigazeteci.com\/index.php?rest_route=\/wp\/v2\/posts\/30124\/revisions"}],"wp:featuredmedia":[{"embeddable":true,"href":"https:\/\/eskigazeteci.com\/index.php?rest_route=\/wp\/v2\/media\/30123"}],"wp:attachment":[{"href":"https:\/\/eskigazeteci.com\/index.php?rest_route=%2Fwp%2Fv2%2Fmedia&parent=30124"}],"wp:term":[{"taxonomy":"category","embeddable":true,"href":"https:\/\/eskigazeteci.com\/index.php?rest_route=%2Fwp%2Fv2%2Fcategories&post=30124"},{"taxonomy":"post_tag","embeddable":true,"href":"https:\/\/eskigazeteci.com\/index.php?rest_route=%2Fwp%2Fv2%2Ftags&post=30124"}],"curies":[{"name":"wp","href":"https:\/\/api.w.org\/{rel}","templated":true}]}}