{"id":30122,"date":"2026-04-28T14:45:21","date_gmt":"2026-04-28T14:45:21","guid":{"rendered":"https:\/\/eskigazeteci.com\/?p=30122"},"modified":"2026-04-28T14:45:21","modified_gmt":"2026-04-28T14:45:21","slug":"ak-parti-sozcusu-omer-celikten-onemli-aciklamalar-4","status":"publish","type":"post","link":"https:\/\/eskigazeteci.com\/?p=30122","title":{"rendered":"AK Parti S\u00f6zc\u00fcs\u00fc \u00d6mer \u00c7elik&#8217;ten \u00f6nemli a\u00e7\u0131klamalar"},"content":{"rendered":"<p>\u0130\u015fte \u00d6mer \u00c7elik &#x27;in a\u00e7\u0131klamalar\u0131ndan \u00f6ne \u00e7\u0131kan sat\u0131rba\u015flar\u0131:<\/p>\n<p>Karanl\u0131k, vesayet g\u00fcnlerinden bu g\u00fcnlere gelen m\u00fccadele, \u00e7ok b\u00fcy\u00fck meydan okumalara cevaplar i\u00e7eriyor. Devrimci d\u00f6n\u00fc\u015f\u00fcmler var, bunu anma program\u0131 ile ele al\u0131nmas\u0131 m\u00fcmk\u00fcn de\u011fil ama bir \u015fekilde se\u00e7ece\u011fiz. 25. y\u0131lla ilgili haz\u0131rl\u0131klar\u0131 MYK&#x27;m\u0131z \u015fimdiden g\u00fcndeme ald\u0131.<\/p>\n<p>Cumhuriyet tarihinde bir cumhurba\u015fkan\u0131 ilk defa giri\u015fimi (muht\u0131ra) bir ka\u011f\u0131t par\u00e7as\u0131na \u00e7evirdi. Siyasi olarak bir de\u011ferlendirme yapt\u0131k, kriz alanlar\u0131 konusunda pek \u00e7ok ittifaklar \u00e7atlarken NATO ile ilgili tart\u0131\u015fmalar oluyor. AB bir b\u00fct\u00fcn olarak hareket edemiyor. Von Der Leyen, T\u00fcrkiye&#x27;yi de zikrederek Avrupa&#x27;ya n\u00fcfuz etmesinin engellenmesi gerekti\u011fini ifade etti. G\u00f6\u00e7 konusunda s\u00fcrekli kap\u0131m\u0131z\u0131 \u00e7alanlar konusunda bu \u00e7ok \u00f6nemli. Fanatik uygulamalar ve di\u011fer uygulamalara d\u00f6n\u00fck t\u0131kanmalar ayd\u0131nlanma Avrupa&#x27;s\u0131n\u0131 de\u011fil Hristiyan kul\u00fcb\u00fc Avrupa&#x27;s\u0131n\u0131 g\u00f6steriyor bize. Avrupa hi\u00e7bir zaman bir stratejik g\u00fc\u00e7 haline gelemedi.<\/p>\n<p>Tamamen fanatik \u015fekilde hareket eden bir yap\u0131 ile kar\u015f\u0131 kar\u015f\u0131yay\u0131z. M\u00fcsl\u00fcmanlar\u0131n da Hristiyanlar\u0131n da de\u011ferlerine sayg\u0131lar\u0131 yok. Papa&#x27;n\u0131n sava\u015f kar\u015f\u0131t\u0131 a\u00e7\u0131klamalar\u0131 dikkat \u00e7ekici.<\/p>\n<p>\u0130slamabad&#x27;daki m\u00fczakerelerin sa\u011fl\u0131kl\u0131 ilerlemesi ve g\u00f6r\u00fc\u015fmelerin&#8230;<\/p>\n","protected":false},"excerpt":{"rendered":"<p>AK Parti S\u00f6zc\u00fcs\u00fc \u00d6mer \u00c7elik, MKYK sonras\u0131 \u00f6nemli a\u00e7\u0131klamalarda bulunuyor.<\/p>\n","protected":false},"author":2,"featured_media":30121,"comment_status":"open","ping_status":"open","sticky":false,"template":"","format":"standard","meta":{"footnotes":""},"categories":[6,5],"tags":[],"class_list":["post-30122","post","type-post","status-publish","format-standard","has-post-thumbnail","hentry","category-gundem","category-son-dakika"],"_links":{"self":[{"href":"https:\/\/eskigazeteci.com\/index.php?rest_route=\/wp\/v2\/posts\/30122","targetHints":{"allow":["GET"]}}],"collection":[{"href":"https:\/\/eskigazeteci.com\/index.php?rest_route=\/wp\/v2\/posts"}],"about":[{"href":"https:\/\/eskigazeteci.com\/index.php?rest_route=\/wp\/v2\/types\/post"}],"author":[{"embeddable":true,"href":"https:\/\/eskigazeteci.com\/index.php?rest_route=\/wp\/v2\/users\/2"}],"replies":[{"embeddable":true,"href":"https:\/\/eskigazeteci.com\/index.php?rest_route=%2Fwp%2Fv2%2Fcomments&post=30122"}],"version-history":[{"count":0,"href":"https:\/\/eskigazeteci.com\/index.php?rest_route=\/wp\/v2\/posts\/30122\/revisions"}],"wp:featuredmedia":[{"embeddable":true,"href":"https:\/\/eskigazeteci.com\/index.php?rest_route=\/wp\/v2\/media\/30121"}],"wp:attachment":[{"href":"https:\/\/eskigazeteci.com\/index.php?rest_route=%2Fwp%2Fv2%2Fmedia&parent=30122"}],"wp:term":[{"taxonomy":"category","embeddable":true,"href":"https:\/\/eskigazeteci.com\/index.php?rest_route=%2Fwp%2Fv2%2Fcategories&post=30122"},{"taxonomy":"post_tag","embeddable":true,"href":"https:\/\/eskigazeteci.com\/index.php?rest_route=%2Fwp%2Fv2%2Ftags&post=30122"}],"curies":[{"name":"wp","href":"https:\/\/api.w.org\/{rel}","templated":true}]}}