{"id":30120,"date":"2026-04-28T14:43:06","date_gmt":"2026-04-28T14:43:06","guid":{"rendered":"https:\/\/eskigazeteci.com\/?p=30120"},"modified":"2026-04-28T14:43:06","modified_gmt":"2026-04-28T14:43:06","slug":"tbmm-baskani-kurtulmus-anayasa-mahkemesinin-64-kurulus-yil-donumunu-kutladi","status":"publish","type":"post","link":"https:\/\/eskigazeteci.com\/?p=30120","title":{"rendered":"TBMM Ba\u015fkan\u0131 Kurtulmu\u015f, Anayasa Mahkemesi&#8217;nin 64. kurulu\u015f y\u0131l d\u00f6n\u00fcm\u00fcn\u00fc kutlad\u0131"},"content":{"rendered":"<p>Kurtulmu\u015f, sosyal medya hesab\u0131ndan Anayasa Mahkemesinin 64. kurulu\u015f y\u0131l d\u00f6n\u00fcm\u00fcne ili\u015fkin yapt\u0131\u011f\u0131 payla\u015f\u0131mda, \u015funlar\u0131 kaydetti:<\/p>\n<p>&quot;Cumhurba\u015fkan\u0131m\u0131z Say\u0131n Recep Tayyip Erdo\u011fan&#x27;\u0131n te\u015frifleriyle ger\u00e7ekle\u015ftirilen &#x27; Anayasa Mahkemesi 64. Kurulu\u015f Y\u0131l D\u00f6n\u00fcm\u00fc ve Ant \u0130\u00e7me T\u00f6reni&#x27;ne kat\u0131ld\u0131k. Demokrasinin, hukukun \u00fcst\u00fcnl\u00fc\u011f\u00fcn\u00fcn, e\u015fitlik ilkesinin ve temel hak ile h\u00fcrriyetlerin g\u00fcvencesi olan Anayasa Mahkemesinin 64. kurulu\u015f y\u0131l d\u00f6n\u00fcm\u00fc kutlu olsun. Hukuk devletinin vazge\u00e7ilmez unsurlar\u0131ndan biri olarak g\u00f6revini b\u00fcy\u00fck bir sorumluluk ve kararl\u0131l\u0131kla s\u00fcrd\u00fcren Anayasa Mahkemesinin t\u00fcm mensuplar\u0131n\u0131 tebrik ediyor, \u00fclkemiz ve demokrasimiz ad\u0131na nice ba\u015far\u0131l\u0131 y\u0131llara ula\u015fmas\u0131n\u0131 temenni ediyorum. Anayasa Mahkemesi \u00fcyeli\u011fine se\u00e7ilen ve bug\u00fcn ant i\u00e7erek g\u00f6revine ba\u015flayan \u015eaban Kazdal&#x27;\u0131 tebrik ediyor, g\u00f6revinde ba\u015far\u0131lar diliyorum.&quot;<\/p>\n<p>T\u00fcrkiye g\u00fcndeminden son dakika haberleri, bug\u00fcn ya\u015fanan en son geli\u015fmeler, siyaset g\u00fcndeminden g\u00fcncel haberler ve b\u00fct\u00fcn son dakika haberleri i\u00e7in H\u00fcrriyet&#x27;in internet haber sitesi hurriyet.com.tr; Hurriyet.com.tr haber i\u00e7erikleri kaynak g\u00f6sterilmeden al\u0131nt\u0131 yap\u0131lamaz, Kanuna ayk\u0131r\u0131 ve izinsiz olarak kopyalanamaz, ba\u015fka yerde yay\u0131nlanamaz.<\/p>\n","protected":false},"excerpt":{"rendered":"<p>TBMM Ba\u015fkan\u0131 Numan Kurtulmu\u015f, Anayasa Mahkemesi&#8217;nin 64. kurulu\u015f y\u0131l d\u00f6n\u00fcm\u00fcn\u00fc kutlad\u0131\u011f\u0131 mesaj\u0131nda Demokrasinin, hukukun \u00fcst\u00fcnl\u00fc\u011f\u00fcn\u00fcn, e\u015fitlik ilkesinin ve&#8230;<\/p>\n","protected":false},"author":2,"featured_media":30119,"comment_status":"open","ping_status":"open","sticky":false,"template":"","format":"standard","meta":{"footnotes":""},"categories":[6,5],"tags":[],"class_list":["post-30120","post","type-post","status-publish","format-standard","has-post-thumbnail","hentry","category-gundem","category-son-dakika"],"_links":{"self":[{"href":"https:\/\/eskigazeteci.com\/index.php?rest_route=\/wp\/v2\/posts\/30120","targetHints":{"allow":["GET"]}}],"collection":[{"href":"https:\/\/eskigazeteci.com\/index.php?rest_route=\/wp\/v2\/posts"}],"about":[{"href":"https:\/\/eskigazeteci.com\/index.php?rest_route=\/wp\/v2\/types\/post"}],"author":[{"embeddable":true,"href":"https:\/\/eskigazeteci.com\/index.php?rest_route=\/wp\/v2\/users\/2"}],"replies":[{"embeddable":true,"href":"https:\/\/eskigazeteci.com\/index.php?rest_route=%2Fwp%2Fv2%2Fcomments&post=30120"}],"version-history":[{"count":0,"href":"https:\/\/eskigazeteci.com\/index.php?rest_route=\/wp\/v2\/posts\/30120\/revisions"}],"wp:featuredmedia":[{"embeddable":true,"href":"https:\/\/eskigazeteci.com\/index.php?rest_route=\/wp\/v2\/media\/30119"}],"wp:attachment":[{"href":"https:\/\/eskigazeteci.com\/index.php?rest_route=%2Fwp%2Fv2%2Fmedia&parent=30120"}],"wp:term":[{"taxonomy":"category","embeddable":true,"href":"https:\/\/eskigazeteci.com\/index.php?rest_route=%2Fwp%2Fv2%2Fcategories&post=30120"},{"taxonomy":"post_tag","embeddable":true,"href":"https:\/\/eskigazeteci.com\/index.php?rest_route=%2Fwp%2Fv2%2Ftags&post=30120"}],"curies":[{"name":"wp","href":"https:\/\/api.w.org\/{rel}","templated":true}]}}