{"id":30118,"date":"2026-04-28T14:41:33","date_gmt":"2026-04-28T14:41:33","guid":{"rendered":"https:\/\/eskigazeteci.com\/?p=30118"},"modified":"2026-04-28T14:41:33","modified_gmt":"2026-04-28T14:41:33","slug":"ateskesin-3-asamali-sifresi-irandan-savasi-bitirecek-hamle","status":"publish","type":"post","link":"https:\/\/eskigazeteci.com\/?p=30118","title":{"rendered":"Ate\u015fkesin 3 a\u015famal\u0131 \u015fifresi: \u0130ran&#8217;dan sava\u015f\u0131 bitirecek hamle"},"content":{"rendered":"<p>\u0130ran&#x27;\u0131n, sava\u015f\u0131 sona erdirmek amac\u0131yla b\u00f6lgesel arabulucular \u00fczerinden yeni bir teklif sundu\u011fu iddia edildi. Wall Street Journal\u2019da yer alan habere g\u00f6re, Tahran&#x27;\u0131n teklifi \u00fc\u00e7 a\u015famadan olu\u015ftu.<\/p>\n<p>Habere g\u00f6re \u0130ran, H\u00fcrm\u00fcz Bo\u011faz\u0131\u2019ndaki sald\u0131r\u0131lar\u0131 durdurma kar\u015f\u0131l\u0131\u011f\u0131nda sava\u015f\u0131n tamamen sona ermesini ve ABD\u2019nin \u0130ran limanlar\u0131na uygulad\u0131\u011f\u0131 ablukan\u0131n kald\u0131r\u0131lmas\u0131n\u0131 istedi<\/p>\n<p>YEN\u0130 TEKL\u0130F\u0130 ERAK\u00c7\u0130 SUNDU<\/p>\n<p>Habere g\u00f6re \u0130ran D\u0131\u015fi\u015fleri Bakan\u0131 Abbas Arak\u00e7i\u2019nin hafta sonu iletti\u011fi teklifin, \u00e7at\u0131\u015fmadaki \u00e7\u0131kmaz\u0131 a\u015fmay\u0131 ve m\u00fczakereleri yeniden ba\u015flatmay\u0131 hedefledi\u011fi belirtildi.<\/p>\n<p>Plan kapsam\u0131nda \u0130ran\u2019\u0131n n\u00fckleer program\u0131na ili\u015fkin g\u00f6r\u00fc\u015fmelerin ge\u00e7ici olarak ask\u0131ya al\u0131nmas\u0131 \u00f6ng\u00f6r\u00fcld\u00fc.<\/p>\n<p>\u00dc\u00c7 A\u015eAMALI BARI\u015e PLANI<\/p>\n<p>Yetkililere g\u00f6re \u0130ran\u2019\u0131n son \u00f6nerisi, \u00fc\u00e7 a\u015famal\u0131 bir bar\u0131\u015f plan\u0131 i\u00e7erdi. \u0130lk a\u015famada Tahran, ABD ve \u0130srail\u2019in sava\u015f\u0131 sona erdirmesini ve yeniden ba\u015flamayaca\u011f\u0131na dair garanti vermesini istedi.<\/p>\n<p>\u0130kinci a\u015famada, arabulucular\u0131n H\u00fcrm\u00fcz Bo\u011faz\u0131 krizini \u00e7\u00f6zmesi ve su yolunun y\u00f6netimine ili\u015fkin uzla\u015fma sa\u011flanmas\u0131 hedeflendi.<\/p>\n<p>\u0130ran\u2019\u0131n, bo\u011faz \u00fczerindeki etkinli\u011fini korumak istedi\u011fi ve ancak bundan sonra n\u00fckleer program ile b\u00f6lgedeki vekil g\u00fc\u00e7lere sa\u011flanan destek gibi ba\u015fl\u0131klarda m\u00fczakereye a\u00e7\u0131k oldu\u011fu ifade&#8230;<\/p>\n","protected":false},"excerpt":{"rendered":"<p>\u0130ran\u2019\u0131n sava\u015f\u0131 sona erdirmek i\u00e7in \u00fc\u00e7 a\u015famal\u0131 plan sundu\u011fu iddia edildi. Plan\u0131n \u0130ran D\u0131\u015fi\u015fleri Bakan\u0131 Abbas Erak\u00e7i taraf\u0131ndan sunuldu\u011fu kaydedilirken,&#8230;<\/p>\n","protected":false},"author":2,"featured_media":30117,"comment_status":"open","ping_status":"open","sticky":false,"template":"","format":"standard","meta":{"footnotes":""},"categories":[8,6,5],"tags":[],"class_list":["post-30118","post","type-post","status-publish","format-standard","has-post-thumbnail","hentry","category-arsiv","category-gundem","category-son-dakika"],"_links":{"self":[{"href":"https:\/\/eskigazeteci.com\/index.php?rest_route=\/wp\/v2\/posts\/30118","targetHints":{"allow":["GET"]}}],"collection":[{"href":"https:\/\/eskigazeteci.com\/index.php?rest_route=\/wp\/v2\/posts"}],"about":[{"href":"https:\/\/eskigazeteci.com\/index.php?rest_route=\/wp\/v2\/types\/post"}],"author":[{"embeddable":true,"href":"https:\/\/eskigazeteci.com\/index.php?rest_route=\/wp\/v2\/users\/2"}],"replies":[{"embeddable":true,"href":"https:\/\/eskigazeteci.com\/index.php?rest_route=%2Fwp%2Fv2%2Fcomments&post=30118"}],"version-history":[{"count":0,"href":"https:\/\/eskigazeteci.com\/index.php?rest_route=\/wp\/v2\/posts\/30118\/revisions"}],"wp:featuredmedia":[{"embeddable":true,"href":"https:\/\/eskigazeteci.com\/index.php?rest_route=\/wp\/v2\/media\/30117"}],"wp:attachment":[{"href":"https:\/\/eskigazeteci.com\/index.php?rest_route=%2Fwp%2Fv2%2Fmedia&parent=30118"}],"wp:term":[{"taxonomy":"category","embeddable":true,"href":"https:\/\/eskigazeteci.com\/index.php?rest_route=%2Fwp%2Fv2%2Fcategories&post=30118"},{"taxonomy":"post_tag","embeddable":true,"href":"https:\/\/eskigazeteci.com\/index.php?rest_route=%2Fwp%2Fv2%2Ftags&post=30118"}],"curies":[{"name":"wp","href":"https:\/\/api.w.org\/{rel}","templated":true}]}}