{"id":30116,"date":"2026-04-28T14:40:01","date_gmt":"2026-04-28T14:40:01","guid":{"rendered":"https:\/\/eskigazeteci.com\/?p=30116"},"modified":"2026-04-28T14:40:01","modified_gmt":"2026-04-28T14:40:01","slug":"deniz-sapmaz-ladies-european-tourda-turkiyeyi-temsil-edecek","status":"publish","type":"post","link":"https:\/\/eskigazeteci.com\/?p=30116","title":{"rendered":"Deniz Sapmaz, Ladies European Tour\u2019da T\u00fcrkiye\u2019yi temsil edecek"},"content":{"rendered":"<p>Milli sporcu Deniz Sapmaz\u2019\u0131n d\u00fcnya s\u0131ralamas\u0131nda \u00fcst d\u00fczey profesyonel oyuncular\u0131 bir araya getiren bu prestijli organizasyonda yer almas\u0131, ayn\u0131 zamanda gen\u00e7 sporcular\u0131m\u0131z\u0131n global arenada s\u00f6z sahibi olabilece\u011finin g\u00fc\u00e7l\u00fc bir g\u00f6stergesi olacak.<\/p>\n<p>Deniz Sapmaz , Jabra Ladies Open \u00f6ncesinde yapt\u0131\u011f\u0131 a\u00e7\u0131klamada \u015fu ifadelere yer verdi: \u201cBu davet benim i\u00e7in b\u00fcy\u00fck bir motivasyon kayna\u011f\u0131. Uluslararas\u0131 sahnede kal\u0131c\u0131 olmak ve performans\u0131m\u0131 en \u00fcst seviyeye ta\u015f\u0131mak istiyorum. T\u00fcrkiye\u2019yi en iyi \u015fekilde temsil etmek, hem milli sporcu kimli\u011fimle hem de Ata\u015fehir Golf Kul\u00fcb\u00fc\u2019n\u00fcn bir oyuncusu olarak en b\u00fcy\u00fck hedefim\u201d<\/p>\n<p>T\u00fcrkiye&#x27;den ve D\u00fcnya\u2019dan son dakika haberleri, k\u00f6\u015fe yaz\u0131lar\u0131, magazinden siyasete, spordan seyahate b\u00fct\u00fcn konular\u0131n tek adresi Hurriyet.com.tr haber i\u00e7erikleri izin al\u0131nmadan, kaynak g\u00f6sterilerek dahi iktibas edilemez. Kanuna ayk\u0131r\u0131 ve izinsiz olarak kopyalanamaz, ba\u015fka yerde yay\u0131nlanamaz.<\/p>\n","protected":false},"excerpt":{"rendered":"<p>T\u00dcRK\u0130YE Golf Milli Tak\u0131m\u0131 sporcusu Deniz Sapmaz, Ladies European Tour takvimi kapsam\u0131nda Fransa\u2019da d\u00fczenlenecek Jabra Ladies Open turnuvas\u0131nda m\u00fccadele&#8230;<\/p>\n","protected":false},"author":2,"featured_media":30115,"comment_status":"open","ping_status":"open","sticky":false,"template":"","format":"standard","meta":{"footnotes":""},"categories":[5,7],"tags":[],"class_list":["post-30116","post","type-post","status-publish","format-standard","has-post-thumbnail","hentry","category-son-dakika","category-spor"],"_links":{"self":[{"href":"https:\/\/eskigazeteci.com\/index.php?rest_route=\/wp\/v2\/posts\/30116","targetHints":{"allow":["GET"]}}],"collection":[{"href":"https:\/\/eskigazeteci.com\/index.php?rest_route=\/wp\/v2\/posts"}],"about":[{"href":"https:\/\/eskigazeteci.com\/index.php?rest_route=\/wp\/v2\/types\/post"}],"author":[{"embeddable":true,"href":"https:\/\/eskigazeteci.com\/index.php?rest_route=\/wp\/v2\/users\/2"}],"replies":[{"embeddable":true,"href":"https:\/\/eskigazeteci.com\/index.php?rest_route=%2Fwp%2Fv2%2Fcomments&post=30116"}],"version-history":[{"count":0,"href":"https:\/\/eskigazeteci.com\/index.php?rest_route=\/wp\/v2\/posts\/30116\/revisions"}],"wp:featuredmedia":[{"embeddable":true,"href":"https:\/\/eskigazeteci.com\/index.php?rest_route=\/wp\/v2\/media\/30115"}],"wp:attachment":[{"href":"https:\/\/eskigazeteci.com\/index.php?rest_route=%2Fwp%2Fv2%2Fmedia&parent=30116"}],"wp:term":[{"taxonomy":"category","embeddable":true,"href":"https:\/\/eskigazeteci.com\/index.php?rest_route=%2Fwp%2Fv2%2Fcategories&post=30116"},{"taxonomy":"post_tag","embeddable":true,"href":"https:\/\/eskigazeteci.com\/index.php?rest_route=%2Fwp%2Fv2%2Ftags&post=30116"}],"curies":[{"name":"wp","href":"https:\/\/api.w.org\/{rel}","templated":true}]}}