{"id":30114,"date":"2026-04-28T14:38:29","date_gmt":"2026-04-28T14:38:29","guid":{"rendered":"https:\/\/eskigazeteci.com\/?p=30114"},"modified":"2026-04-28T14:38:29","modified_gmt":"2026-04-28T14:38:29","slug":"unlu-oyuncu-yillarca-sevdigi-adamin-tacizine-ugramisti-hep-kendimi-suclu-hissettim-ben-bunu-hak-ettim-diye-dusundum","status":"publish","type":"post","link":"https:\/\/eskigazeteci.com\/?p=30114","title":{"rendered":"\u00dcnl\u00fc oyuncu y\u0131llarca sevdi\u011fi adam\u0131n tacizine u\u011fram\u0131\u015ft\u0131&#8230; &#8216;Hep kendimi su\u00e7lu hissettim&#8230; Ben bunu hak ettim diye d\u00fc\u015f\u00fcnd\u00fcm&#8217;"},"content":{"rendered":"<p>\u015eu anda 38 ya\u015f\u0131nda olan Wood&#x27;un s\u00f6yledi\u011fine g\u00f6re kendisinden ya\u015f\u00e7a da b\u00fcy\u00fck olan Manson, ona hem duygusal hem de fiziksel tacizde bulunuyordu. Hem de y\u0131llard\u0131r!<\/p>\n<p>Ger\u00e7ek ad\u0131 Brian Hugh Warner olan 57 ya\u015f\u0131ndaki Manson, bu su\u00e7lamalar\u0131 kesin bir dille reddetti. Hatta Evan Rachel Wood&#x27;a kar\u015f\u0131 bir dava bile a\u00e7t\u0131. Onun kendisini karalamak i\u00e7in bu iddialar\u0131 ortaya att\u0131\u011f\u0131n\u0131 savundu.<\/p>\n<p>B\u00fcy\u00fck bir ac\u0131 i\u00e7inde tacize u\u011frad\u0131\u011f\u0131n\u0131 s\u00f6yleyen Wood&#x27;u kendisine kar\u015f\u0131 komplo kurmakla su\u00e7lad\u0131.<\/p>\n<p>ONA A\u015eIK OLDU\u011eUNDA KEND\u0130S\u0130 18, MANSON \u0130SE 37 YA\u015eINDAYDI Evan Rachel Wood, daha 18 ya\u015f\u0131ndayken birlikte olmaya ba\u015flad\u0131\u011f\u0131 Manson ile ili\u015fkisi s\u0131ras\u0131nda ya\u015fad\u0131klar\u0131n\u0131 art\u0131k daha so\u011fukkanl\u0131 bir \u015fekilde de\u011ferlendirebiliyor.<\/p>\n<p>Sonras\u0131nda iki y\u0131l boyunca evli kald\u0131\u011f\u0131 Jamie Bell ile bir erkek \u00e7ocuk sahibi olan Wood, ge\u00e7ti\u011fimiz hafta verdi\u011fi bir r\u00f6portajda hayat\u0131n\u0131n bu en karanl\u0131k d\u00f6nemi hakk\u0131nda konu\u015ftu.<\/p>\n<p>S\u00f6yledi\u011fine g\u00f6re Wood, 2006 ile 2010 aras\u0131nda ili\u015fki ya\u015fad\u0131\u011f\u0131 Marilyn Manson&#x27;\u0131n tacizleri kar\u015f\u0131s\u0131nda \u00f6nceleri kendisini su\u00e7lu hissetti\u011fini s\u00f6yledi.<\/p>\n<p>Bir kafa kar\u0131\u015f\u0131kl\u0131\u011f\u0131 ya\u015fad\u0131\u011f\u0131n\u0131 belirten Evan Rachel Wood, s\u00f6yledi\u011fine g\u00f6re bu tacizi hak etti\u011fini d\u00fc\u015f\u00fcnmeye ba\u015flad\u0131. &quot;Bu bana m\u00fcstahak d\u00fc\u015f\u00fcncesi&quot; yakas\u0131n\u0131 bir t\u00fcrl\u00fc&#8230;<\/p>\n","protected":false},"excerpt":{"rendered":"<p>\u00c7ok de\u011fil bundan be\u015f y\u0131l \u00f6nce gen\u00e7 oyuncu Evan Rachel Wood, o s\u0131ralarda ni\u015fanl\u0131 oldu\u011fu \u00fcnl\u00fc \u015fark\u0131c\u0131 Marilyn Manson&#8217;\u0131n kendisini taciz etti\u011fini ileri s\u00fcrd\u00fc&#8230;.<\/p>\n","protected":false},"author":2,"featured_media":30113,"comment_status":"open","ping_status":"open","sticky":false,"template":"","format":"standard","meta":{"footnotes":""},"categories":[6,5],"tags":[],"class_list":["post-30114","post","type-post","status-publish","format-standard","has-post-thumbnail","hentry","category-gundem","category-son-dakika"],"_links":{"self":[{"href":"https:\/\/eskigazeteci.com\/index.php?rest_route=\/wp\/v2\/posts\/30114","targetHints":{"allow":["GET"]}}],"collection":[{"href":"https:\/\/eskigazeteci.com\/index.php?rest_route=\/wp\/v2\/posts"}],"about":[{"href":"https:\/\/eskigazeteci.com\/index.php?rest_route=\/wp\/v2\/types\/post"}],"author":[{"embeddable":true,"href":"https:\/\/eskigazeteci.com\/index.php?rest_route=\/wp\/v2\/users\/2"}],"replies":[{"embeddable":true,"href":"https:\/\/eskigazeteci.com\/index.php?rest_route=%2Fwp%2Fv2%2Fcomments&post=30114"}],"version-history":[{"count":0,"href":"https:\/\/eskigazeteci.com\/index.php?rest_route=\/wp\/v2\/posts\/30114\/revisions"}],"wp:featuredmedia":[{"embeddable":true,"href":"https:\/\/eskigazeteci.com\/index.php?rest_route=\/wp\/v2\/media\/30113"}],"wp:attachment":[{"href":"https:\/\/eskigazeteci.com\/index.php?rest_route=%2Fwp%2Fv2%2Fmedia&parent=30114"}],"wp:term":[{"taxonomy":"category","embeddable":true,"href":"https:\/\/eskigazeteci.com\/index.php?rest_route=%2Fwp%2Fv2%2Fcategories&post=30114"},{"taxonomy":"post_tag","embeddable":true,"href":"https:\/\/eskigazeteci.com\/index.php?rest_route=%2Fwp%2Fv2%2Ftags&post=30114"}],"curies":[{"name":"wp","href":"https:\/\/api.w.org\/{rel}","templated":true}]}}