{"id":30110,"date":"2026-04-28T14:35:22","date_gmt":"2026-04-28T14:35:22","guid":{"rendered":"https:\/\/eskigazeteci.com\/?p=30110"},"modified":"2026-04-28T14:35:22","modified_gmt":"2026-04-28T14:35:22","slug":"ios-27-ne-zaman-cikacak-hangi-telefonlara-gelecek-ios-27-guncellemesi-alacak-iphone-modelleri","status":"publish","type":"post","link":"https:\/\/eskigazeteci.com\/?p=30110","title":{"rendered":"iOS 27 ne zaman \u00e7\u0131kacak, hangi telefonlara gelecek? iOS 27 g\u00fcncellemesi alacak iPhone modelleri!"},"content":{"rendered":"<p>Apple\u2019\u0131n her y\u0131l d\u00fczenledi\u011fi ve yaz\u0131l\u0131m d\u00fcnyas\u0131n\u0131n kalbinin att\u0131\u011f\u0131 D\u00fcnya Geli\u015ftiriciler Konferans\u0131 (WWDC) kapsam\u0131nda g\u00f6r\u00fcc\u00fcye \u00e7\u0131kmas\u0131 beklenen iOS 27, markan\u0131n yeni isimlendirme politikas\u0131na sad\u0131k kalarak 2026 y\u0131l\u0131n\u0131n ikinci yar\u0131s\u0131nda hayat\u0131m\u0131za girmeye haz\u0131rlan\u0131yor. Her ne kadar Apple resmi tarihleri son ana kadar gizli tutsa da, ge\u00e7mi\u015f y\u0131llardaki yay\u0131n takvimleri ve end\u00fcstri standartlar\u0131 g\u00f6z \u00f6n\u00fcne al\u0131nd\u0131\u011f\u0131nda, iOS 27\u2019nin beta s\u00fcre\u00e7lerinin Haziran ay\u0131nda ba\u015flamas\u0131 bekleniyor.<\/p>\n<p>Apple\u2019\u0131n her y\u0131l d\u00fczenledi\u011fi ve yaz\u0131l\u0131m d\u00fcnyas\u0131n\u0131n kalbinin att\u0131\u011f\u0131 D\u00fcnya Geli\u015ftiriciler Konferans\u0131 (WWDC) kapsam\u0131nda g\u00f6r\u00fcc\u00fcye \u00e7\u0131kmas\u0131 beklenen iOS 27, markan\u0131n yeni isimlendirme politikas\u0131na sad\u0131k kalarak 2026 y\u0131l\u0131n\u0131n ikinci yar\u0131s\u0131nda hayat\u0131m\u0131za girmeye haz\u0131rlan\u0131yor. Her ne kadar Apple resmi tarihleri son ana kadar gizli tutsa da, ge\u00e7mi\u015f y\u0131llardaki yay\u0131n takvimleri ve end\u00fcstri standartlar\u0131 g\u00f6z \u00f6n\u00fcne al\u0131nd\u0131\u011f\u0131nda, iOS 27\u2019nin beta s\u00fcre\u00e7lerinin Haziran ay\u0131nda ba\u015flamas\u0131 bekleniyor.<\/p>\n<p>Apple, 2025 y\u0131l\u0131ndan itibaren ba\u015flatt\u0131\u011f\u0131 &quot;y\u0131l tabanl\u0131 isimlendirme&quot; stratejisini iOS 27 ile s\u00fcrd\u00fcrmeye devam ediyor. Mevcut verilere g\u00f6re iOS 27\u2019nin resmi tan\u0131t\u0131m\u0131n\u0131n Haziran 2026\u2019daki WWDC etkinli\u011finde yap\u0131lmas\u0131na kesin g\u00f6z\u00fcyle&#8230;<\/p>\n","protected":false},"excerpt":{"rendered":"<p>Teknoloji devi Apple iOS 27 ile ilgili \u00e7al\u0131\u015fmalar\u0131na devam ediyor. iOS 27, geli\u015fmi\u015f yapay zeka entegrasyonlar\u0131, kullan\u0131c\u0131 dostu aray\u00fcz geli\u015ftirmeleri ve&#8230;<\/p>\n","protected":false},"author":2,"featured_media":30109,"comment_status":"open","ping_status":"open","sticky":false,"template":"","format":"standard","meta":{"footnotes":""},"categories":[8,6,5],"tags":[],"class_list":["post-30110","post","type-post","status-publish","format-standard","has-post-thumbnail","hentry","category-arsiv","category-gundem","category-son-dakika"],"_links":{"self":[{"href":"https:\/\/eskigazeteci.com\/index.php?rest_route=\/wp\/v2\/posts\/30110","targetHints":{"allow":["GET"]}}],"collection":[{"href":"https:\/\/eskigazeteci.com\/index.php?rest_route=\/wp\/v2\/posts"}],"about":[{"href":"https:\/\/eskigazeteci.com\/index.php?rest_route=\/wp\/v2\/types\/post"}],"author":[{"embeddable":true,"href":"https:\/\/eskigazeteci.com\/index.php?rest_route=\/wp\/v2\/users\/2"}],"replies":[{"embeddable":true,"href":"https:\/\/eskigazeteci.com\/index.php?rest_route=%2Fwp%2Fv2%2Fcomments&post=30110"}],"version-history":[{"count":0,"href":"https:\/\/eskigazeteci.com\/index.php?rest_route=\/wp\/v2\/posts\/30110\/revisions"}],"wp:featuredmedia":[{"embeddable":true,"href":"https:\/\/eskigazeteci.com\/index.php?rest_route=\/wp\/v2\/media\/30109"}],"wp:attachment":[{"href":"https:\/\/eskigazeteci.com\/index.php?rest_route=%2Fwp%2Fv2%2Fmedia&parent=30110"}],"wp:term":[{"taxonomy":"category","embeddable":true,"href":"https:\/\/eskigazeteci.com\/index.php?rest_route=%2Fwp%2Fv2%2Fcategories&post=30110"},{"taxonomy":"post_tag","embeddable":true,"href":"https:\/\/eskigazeteci.com\/index.php?rest_route=%2Fwp%2Fv2%2Ftags&post=30110"}],"curies":[{"name":"wp","href":"https:\/\/api.w.org\/{rel}","templated":true}]}}