{"id":30108,"date":"2026-04-28T14:31:35","date_gmt":"2026-04-28T14:31:35","guid":{"rendered":"https:\/\/eskigazeteci.com\/?p=30108"},"modified":"2026-04-28T14:31:35","modified_gmt":"2026-04-28T14:31:35","slug":"arnavutkoyde-sahilde-cansiz-bedeni-bulunmustu-40-gundur-kayip-olarak-araniyormus","status":"publish","type":"post","link":"https:\/\/eskigazeteci.com\/?p=30108","title":{"rendered":"Arnavutk\u00f6y&#8217;de sahilde cans\u0131z bedeni bulunmu\u015ftu! 40 g\u00fcnd\u00fcr kay\u0131p olarak aran\u0131yormu\u015f"},"content":{"rendered":"<p>Arnavutk\u00f6y , Karaburun Bal\u0131k\u00e7\u0131 bar\u0131na\u011f\u0131nda d\u00fcn saat 11.00 s\u0131ralar\u0131nda Arnavutk\u00f6y Belediyesi temizlik i\u015f\u00e7ileri plaj giri\u015finde temizlik yapt\u0131\u011f\u0131 s\u0131rada bir ceset g\u00f6rerek polise ihbarda bulundu. Deniz ile sahilin birle\u015fme noktas\u0131nda bulunan kimli\u011fi belirsiz cesette \u00e7\u00fcr\u00fcmeler oldu\u011fu tespit edildi.<\/p>\n<p>KIZINDAN \u00d6RNEK ALINDI<\/p>\n<p>Kay\u0131p \u015eah\u0131slar B\u00fcro Amirli\u011fi ekipleri cesedin yakla\u015f\u0131k 40 g\u00fcn \u00f6nce Gaziosmanpa\u015fa&#x27;da hakk\u0131nda kay\u0131p m\u00fcracaat\u0131 yap\u0131lan \u00d6mer Yal\u00e7\u0131n olabilece\u011fi ihtimali \u00fczerine harekete ge\u00e7ti. Kay\u0131p \u00d6mer Yal\u00e7\u0131n\u2019\u0131 k\u0131z\u0131 E.N.Y&#x27;den Adli T\u0131p Kurumu&#x27;nda al\u0131nan DNA \u00f6rnekleri, k\u0131y\u0131da bulunan cesetten al\u0131nan \u00f6rneklerle kar\u015f\u0131la\u015ft\u0131r\u0131ld\u0131. Yap\u0131lan inceleme sonucu cesedin \u00d6mer Yal\u00e7\u0131n\u2019a ait oldu\u011fu belirlendi.<\/p>\n<p>Gaziosmanpa\u015fa, \u015eehit Tevfik Arslan polis merkezine 30 Mart 2026 tarihinde ba\u015fvuran E.N.Y.(22) babas\u0131 \u00d6mer Yal\u00e7\u0131n \u2019dan 19 Mart 2026 tarihinden bu yana haber alamad\u0131klar\u0131n\u0131 hayat\u0131ndan endi\u015fe etti\u011fini s\u00f6ylemi\u015fti. Polis yapt\u0131\u011f\u0131 \u00e7al\u0131\u015fmada d\u00fcne kadar \u00d6mer Yal\u00e7\u0131n\u2019la ilgili herhangi bir ipucu bulamam\u0131\u015ft\u0131. Adli T\u0131p Kurumu \u00f6n raporunda \u00d6mer Yal\u00e7\u0131n\u2019\u0131n \u00f6l\u00fcm sebebini suda bo\u011fulma oldu\u011funu belirlendi. Ceset \u00fczerinde yap\u0131lan incelemede herhangi bir darp yada yaralanma izi bulunamad\u0131\u011f\u0131 \u00f6\u011frenildi. \u00d6mer Yal\u00e7\u0131n\u2019\u0131n&#8230;<\/p>\n","protected":false},"excerpt":{"rendered":"<p>\u0130stanbul Arnavutk\u00f6y&#8217;de ,Karaburun sahilinde bulunan cesedin 40 g\u00fcnd\u00fcr kay\u0131p olarak aranan 47 ya\u015f\u0131ndaki \u00d6mer Yal\u00e7\u0131n&#8217;a ait oldu\u011fu ortaya \u00e7\u0131kt\u0131. Adli T\u0131p \u00d6n&#8230;<\/p>\n","protected":false},"author":2,"featured_media":30107,"comment_status":"open","ping_status":"open","sticky":false,"template":"","format":"standard","meta":{"footnotes":""},"categories":[6,5],"tags":[],"class_list":["post-30108","post","type-post","status-publish","format-standard","has-post-thumbnail","hentry","category-gundem","category-son-dakika"],"_links":{"self":[{"href":"https:\/\/eskigazeteci.com\/index.php?rest_route=\/wp\/v2\/posts\/30108","targetHints":{"allow":["GET"]}}],"collection":[{"href":"https:\/\/eskigazeteci.com\/index.php?rest_route=\/wp\/v2\/posts"}],"about":[{"href":"https:\/\/eskigazeteci.com\/index.php?rest_route=\/wp\/v2\/types\/post"}],"author":[{"embeddable":true,"href":"https:\/\/eskigazeteci.com\/index.php?rest_route=\/wp\/v2\/users\/2"}],"replies":[{"embeddable":true,"href":"https:\/\/eskigazeteci.com\/index.php?rest_route=%2Fwp%2Fv2%2Fcomments&post=30108"}],"version-history":[{"count":0,"href":"https:\/\/eskigazeteci.com\/index.php?rest_route=\/wp\/v2\/posts\/30108\/revisions"}],"wp:featuredmedia":[{"embeddable":true,"href":"https:\/\/eskigazeteci.com\/index.php?rest_route=\/wp\/v2\/media\/30107"}],"wp:attachment":[{"href":"https:\/\/eskigazeteci.com\/index.php?rest_route=%2Fwp%2Fv2%2Fmedia&parent=30108"}],"wp:term":[{"taxonomy":"category","embeddable":true,"href":"https:\/\/eskigazeteci.com\/index.php?rest_route=%2Fwp%2Fv2%2Fcategories&post=30108"},{"taxonomy":"post_tag","embeddable":true,"href":"https:\/\/eskigazeteci.com\/index.php?rest_route=%2Fwp%2Fv2%2Ftags&post=30108"}],"curies":[{"name":"wp","href":"https:\/\/api.w.org\/{rel}","templated":true}]}}