{"id":30106,"date":"2026-04-28T14:30:02","date_gmt":"2026-04-28T14:30:02","guid":{"rendered":"https:\/\/eskigazeteci.com\/?p=30106"},"modified":"2026-04-28T14:30:02","modified_gmt":"2026-04-28T14:30:02","slug":"sanliurfada-korkunc-kaza-3-kisi-hayatini-kaybetti-5-kisi-yaralandi","status":"publish","type":"post","link":"https:\/\/eskigazeteci.com\/?p=30106","title":{"rendered":"\u015eanl\u0131urfa&#8217;da korkun\u00e7 kaza: 3 ki\u015fi hayat\u0131n\u0131 kaybetti, 5 ki\u015fi yaraland\u0131"},"content":{"rendered":"<p>Kaza, saat 16.00 s\u0131ralar\u0131nda G\u00fcn\u0131\u015f\u0131\u011f\u0131 Mahallesi&#x27;nde meydana geldi. S\u00fcr\u00fcc\u00fcleri ve plakalar\u0131 hen\u00fcz belirlenemeyen \u00fc\u00e7 otomobil, zincirlemeye kazaya kar\u0131\u015ft\u0131. Kazada, hurdaya d\u00f6nen ara\u00e7lardaki 8 ki\u015fi yaraland\u0131. Yoldan ge\u00e7en di\u011fer s\u00fcr\u00fcc\u00fclerin ihbar\u0131 \u00fczerine kaza yerine sa\u011fl\u0131k, itfaiye ve g\u00fcvenlik ekipleri sevk edildi.<\/p>\n<p>Yaral\u0131lar, ambulanslarla Birecik Devlet Hastanesi\u2019ne kald\u0131r\u0131ld\u0131. Tedaviye al\u0131nan yaral\u0131lardan 3 ki\u015fi doktorlar\u0131n t\u00fcm \u00e7abas\u0131na kar\u015f\u0131n kurtar\u0131lamad\u0131. Hayat\u0131n\u0131 kaybeden 3 ki\u015finin cenazeleri, otopsi yap\u0131lmak \u00fczere ayn\u0131 hastan\u0131n morguna kondu.<\/p>\n<p>Yaral\u0131lar, Ay\u015feg\u00fcl Baydilli (23), Ebru Demir (22), \u0130brahim Halil Y\u0131lmaz (30), \u0130da Demir (50) ve ismi \u00f6\u011frenilemeyen bir ki\u015finin hastanedeki tedavilerinin s\u00fcrd\u00fc\u011f\u00fc bildirildi.<\/p>\n<p>Kaza nedeniyle yolda bir s\u00fcre tek \u015feritten sa\u011flanan trafik ak\u0131\u015f\u0131, ara\u00e7lar\u0131n kald\u0131r\u0131lmas\u0131n\u0131n ard\u0131ndan normale d\u00f6nd\u00fc.<\/p>\n<p>Kazaya ili\u015fkin soru\u015fturma ba\u015flat\u0131ld\u0131.<\/p>\n<p>T\u00fcrkiye g\u00fcndeminden son dakika haberleri, bug\u00fcn ya\u015fanan en son geli\u015fmeler, siyaset g\u00fcndeminden g\u00fcncel haberler ve b\u00fct\u00fcn son dakika haberleri i\u00e7in H\u00fcrriyet&#x27;in internet haber sitesi hurriyet.com.tr; Hurriyet.com.tr haber i\u00e7erikleri kaynak g\u00f6sterilmeden al\u0131nt\u0131 yap\u0131lamaz, Kanuna ayk\u0131r\u0131 ve izinsiz olarak kopyalanamaz,&#8230;<\/p>\n","protected":false},"excerpt":{"rendered":"<p>\u015eanl\u0131urfa\u2019n\u0131n Birecik il\u00e7esinde 3 otomobilin kar\u0131\u015ft\u0131\u011f\u0131 zincirleme trafik kazas\u0131nda 3 ki\u015fi hayat\u0131n\u0131 kaybetti, 5 ki\u015fi yaraland\u0131.<\/p>\n","protected":false},"author":2,"featured_media":30105,"comment_status":"open","ping_status":"open","sticky":false,"template":"","format":"standard","meta":{"footnotes":""},"categories":[8,6,5],"tags":[],"class_list":["post-30106","post","type-post","status-publish","format-standard","has-post-thumbnail","hentry","category-arsiv","category-gundem","category-son-dakika"],"_links":{"self":[{"href":"https:\/\/eskigazeteci.com\/index.php?rest_route=\/wp\/v2\/posts\/30106","targetHints":{"allow":["GET"]}}],"collection":[{"href":"https:\/\/eskigazeteci.com\/index.php?rest_route=\/wp\/v2\/posts"}],"about":[{"href":"https:\/\/eskigazeteci.com\/index.php?rest_route=\/wp\/v2\/types\/post"}],"author":[{"embeddable":true,"href":"https:\/\/eskigazeteci.com\/index.php?rest_route=\/wp\/v2\/users\/2"}],"replies":[{"embeddable":true,"href":"https:\/\/eskigazeteci.com\/index.php?rest_route=%2Fwp%2Fv2%2Fcomments&post=30106"}],"version-history":[{"count":0,"href":"https:\/\/eskigazeteci.com\/index.php?rest_route=\/wp\/v2\/posts\/30106\/revisions"}],"wp:featuredmedia":[{"embeddable":true,"href":"https:\/\/eskigazeteci.com\/index.php?rest_route=\/wp\/v2\/media\/30105"}],"wp:attachment":[{"href":"https:\/\/eskigazeteci.com\/index.php?rest_route=%2Fwp%2Fv2%2Fmedia&parent=30106"}],"wp:term":[{"taxonomy":"category","embeddable":true,"href":"https:\/\/eskigazeteci.com\/index.php?rest_route=%2Fwp%2Fv2%2Fcategories&post=30106"},{"taxonomy":"post_tag","embeddable":true,"href":"https:\/\/eskigazeteci.com\/index.php?rest_route=%2Fwp%2Fv2%2Ftags&post=30106"}],"curies":[{"name":"wp","href":"https:\/\/api.w.org\/{rel}","templated":true}]}}