{"id":30104,"date":"2026-04-28T14:28:30","date_gmt":"2026-04-28T14:28:30","guid":{"rendered":"https:\/\/eskigazeteci.com\/?p=30104"},"modified":"2026-04-28T14:28:30","modified_gmt":"2026-04-28T14:28:30","slug":"icisleri-bakanliginda-madencilerle-gorusme","status":"publish","type":"post","link":"https:\/\/eskigazeteci.com\/?p=30104","title":{"rendered":"\u0130\u00e7i\u015fleri Bakanl\u0131\u011f\u0131&#8217;nda madencilerle g\u00f6r\u00fc\u015fme"},"content":{"rendered":"<p>\u0130\u00e7i\u015fleri Bakan Yard\u0131mc\u0131s\u0131 Ali \u00c7elik \u2019\u0131n ba\u015fkanl\u0131\u011f\u0131ndaki toplant\u0131da, \u00c7al\u0131\u015fma ve Sosyal G\u00fcvenlik Bakanl\u0131\u011f\u0131 Bakan Yard\u0131mc\u0131s\u0131 Faruk \u00d6z\u00e7elik, Enerji ve Tabii Kaynaklar Bakan Yard\u0131mc\u0131s\u0131 Abdullah Tancan, Emniyet Genel M\u00fcd\u00fcr\u00fc Mahmut Demirta\u015f, Ankara Emniyet M\u00fcd\u00fcr\u00fc Engin Din\u00e7, Ankara Vali Yard\u0131mc\u0131s\u0131 G\u00fcrsoy Osman Bilgin, Emniyet G\u00fcvenlik Daire Ba\u015fkan\u0131 Emrullah G\u00f6lc\u00fck, Ba\u011f\u0131ms\u0131z Maden-\u0130\u015f Sendikas\u0131 Ba\u015fkan\u0131 G\u00f6kay \u00c7ak\u0131r, Sendika yetkilisi Ba\u015faran Aksu, maden i\u015f\u00e7isi Sinan Ko\u00e7ak, maden i\u015f\u00e7isi \u00d6zcan G\u00fcltekin ve Doruk Madencilik \u015eirketi sahibi Sabahattin Y\u0131ld\u0131z yer al\u0131yor.<\/p>\n<p>Saat 16:00\u2019da ba\u015flayan toplant\u0131da devam eden grev ve eylemleri son erdirmek \u00fczere uzla\u015fma zemini \u00fczerinde g\u00f6r\u00fc\u015fmeler s\u00fcr\u00fcyor.<\/p>\n<p>T\u00fcrkiye g\u00fcndeminden son dakika haberleri, bug\u00fcn ya\u015fanan en son geli\u015fmeler, siyaset g\u00fcndeminden g\u00fcncel haberler ve b\u00fct\u00fcn son dakika haberleri i\u00e7in H\u00fcrriyet&#x27;in internet haber sitesi hurriyet.com.tr; Hurriyet.com.tr haber i\u00e7erikleri kaynak g\u00f6sterilmeden al\u0131nt\u0131 yap\u0131lamaz, Kanuna ayk\u0131r\u0131 ve izinsiz olarak kopyalanamaz, ba\u015fka yerde yay\u0131nlanamaz.<\/p>\n","protected":false},"excerpt":{"rendered":"<p>Ankara\u2019da bir s\u00fcredir devam eden maden i\u015f\u00e7ilerinin eylemlerini de\u011ferlendirmek amac\u0131yla, i\u015f\u00e7i ve i\u015fveren taraflar\u0131 aras\u0131nda bir g\u00f6r\u00fc\u015fme ger\u00e7ekle\u015ftiriliyor.<\/p>\n","protected":false},"author":2,"featured_media":30103,"comment_status":"open","ping_status":"open","sticky":false,"template":"","format":"standard","meta":{"footnotes":""},"categories":[8,6,5],"tags":[],"class_list":["post-30104","post","type-post","status-publish","format-standard","has-post-thumbnail","hentry","category-arsiv","category-gundem","category-son-dakika"],"_links":{"self":[{"href":"https:\/\/eskigazeteci.com\/index.php?rest_route=\/wp\/v2\/posts\/30104","targetHints":{"allow":["GET"]}}],"collection":[{"href":"https:\/\/eskigazeteci.com\/index.php?rest_route=\/wp\/v2\/posts"}],"about":[{"href":"https:\/\/eskigazeteci.com\/index.php?rest_route=\/wp\/v2\/types\/post"}],"author":[{"embeddable":true,"href":"https:\/\/eskigazeteci.com\/index.php?rest_route=\/wp\/v2\/users\/2"}],"replies":[{"embeddable":true,"href":"https:\/\/eskigazeteci.com\/index.php?rest_route=%2Fwp%2Fv2%2Fcomments&post=30104"}],"version-history":[{"count":0,"href":"https:\/\/eskigazeteci.com\/index.php?rest_route=\/wp\/v2\/posts\/30104\/revisions"}],"wp:featuredmedia":[{"embeddable":true,"href":"https:\/\/eskigazeteci.com\/index.php?rest_route=\/wp\/v2\/media\/30103"}],"wp:attachment":[{"href":"https:\/\/eskigazeteci.com\/index.php?rest_route=%2Fwp%2Fv2%2Fmedia&parent=30104"}],"wp:term":[{"taxonomy":"category","embeddable":true,"href":"https:\/\/eskigazeteci.com\/index.php?rest_route=%2Fwp%2Fv2%2Fcategories&post=30104"},{"taxonomy":"post_tag","embeddable":true,"href":"https:\/\/eskigazeteci.com\/index.php?rest_route=%2Fwp%2Fv2%2Ftags&post=30104"}],"curies":[{"name":"wp","href":"https:\/\/api.w.org\/{rel}","templated":true}]}}