{"id":30102,"date":"2026-04-28T14:26:57","date_gmt":"2026-04-28T14:26:57","guid":{"rendered":"https:\/\/eskigazeteci.com\/?p=30102"},"modified":"2026-04-28T14:26:57","modified_gmt":"2026-04-28T14:26:57","slug":"serdar-dursundan-transfer-aciklamasi-teklifler-geliyor","status":"publish","type":"post","link":"https:\/\/eskigazeteci.com\/?p=30102","title":{"rendered":"Serdar Dursun\u2019dan transfer a\u00e7\u0131klamas\u0131: &#8216;Teklifler geliyor!&#8217;"},"content":{"rendered":"<p>K\u00f6rfez Brunga Tesisleri&#x27;ndeki idmandan \u00f6nce bas\u0131n mensuplar\u0131na a\u00e7\u0131klama yapan teknik direkt\u00f6r Sel\u00e7uk \u0130nan , Kas\u0131mpa\u015fa&#x27;n\u0131n da son oynad\u0131klar\u0131 Gen\u00e7lerbirli\u011fi gibi \u00f6n taraf\u0131 g\u00fc\u00e7l\u00fc oyunculardan kurulu bir tak\u0131m oldu\u011funu s\u00f6yledi.<\/p>\n<p>\u0130nan, ligin son d\u00f6neminde \u00e7ok zorlu ma\u00e7lara \u00e7\u0131kt\u0131klar\u0131n\u0131 belirterek, &quot;Kas\u0131mpa\u015fa i\u00e7in de yine bir final havas\u0131nda ge\u00e7ecek ma\u00e7. Ma\u00e7 kazanmak istedi\u011fimizi oyuncular\u0131mla payla\u015f\u0131yorum. Bu \u015fekilde onlar\u0131 motive etmeye \u00e7al\u0131\u015f\u0131yoruz. Zor bir deplasman, zor bir tak\u0131ma kar\u015f\u0131 oynayaca\u011f\u0131z ama bu t\u00fcr ma\u00e7lar\u0131 bundan \u00f6nce \u00e7ok g\u00fczel \u015fekilde oynad\u0131k, galip geldik. \u00d6nemli oyunlar oynad\u0131k, yine bunu tekrarlamam\u0131z laz\u0131m.&quot; diye konu\u015ftu.<\/p>\n<p>Son y\u0131llardaki en g\u00fc\u00e7l\u00fc tak\u0131mlar\u0131n oldu\u011fu bir ligin ya\u015fand\u0131\u011f\u0131n\u0131 dile getiren \u0130nan, \u015f\u00f6yle devam etti:<\/p>\n<p>&quot;\u00d6zellikle Anadolu tak\u0131mlar\u0131 aras\u0131ndaki rekabet neredeyse birbiriyle ayn\u0131yd\u0131. 16 y\u0131l sonra S\u00fcper Lig&#x27;e \u00e7\u0131kmak, belli zorluklarla m\u00fccadele etmek, ilk 7 haftada ya\u015fad\u0131\u011f\u0131m\u0131z zorluklar, \u00e7ok ge\u00e7 gelen transferler, sayamad\u0131\u011f\u0131m\u0131z belki bir\u00e7ok daha olumsuzluk vard\u0131r ama bunlar\u0131n hepsini bir kenara b\u0131rak\u0131rsak \u00e7ok da memnunum \u015fu anda tak\u0131m\u0131n bu seneki m\u00fccadelesinden ve bulundu\u011fu konumdan. A\u015fa\u011f\u0131 yukar\u0131 kafamdaki \u015feyleri ya\u015f\u0131yorum. Ligin bu d\u00f6neminde bu&#8230;<\/p>\n","protected":false},"excerpt":{"rendered":"<p>Kocaelispor, S\u00fcper Lig&#8217;in 32. haftas\u0131nda 3 May\u0131s Pazar g\u00fcn\u00fc deplasmanda Kas\u0131mpa\u015fa ile oynayaca\u011f\u0131 ma\u00e7\u0131n haz\u0131rl\u0131klar\u0131na ba\u015flad\u0131.<\/p>\n","protected":false},"author":2,"featured_media":30101,"comment_status":"open","ping_status":"open","sticky":false,"template":"","format":"standard","meta":{"footnotes":""},"categories":[8,5,7],"tags":[],"class_list":["post-30102","post","type-post","status-publish","format-standard","has-post-thumbnail","hentry","category-arsiv","category-son-dakika","category-spor"],"_links":{"self":[{"href":"https:\/\/eskigazeteci.com\/index.php?rest_route=\/wp\/v2\/posts\/30102","targetHints":{"allow":["GET"]}}],"collection":[{"href":"https:\/\/eskigazeteci.com\/index.php?rest_route=\/wp\/v2\/posts"}],"about":[{"href":"https:\/\/eskigazeteci.com\/index.php?rest_route=\/wp\/v2\/types\/post"}],"author":[{"embeddable":true,"href":"https:\/\/eskigazeteci.com\/index.php?rest_route=\/wp\/v2\/users\/2"}],"replies":[{"embeddable":true,"href":"https:\/\/eskigazeteci.com\/index.php?rest_route=%2Fwp%2Fv2%2Fcomments&post=30102"}],"version-history":[{"count":0,"href":"https:\/\/eskigazeteci.com\/index.php?rest_route=\/wp\/v2\/posts\/30102\/revisions"}],"wp:featuredmedia":[{"embeddable":true,"href":"https:\/\/eskigazeteci.com\/index.php?rest_route=\/wp\/v2\/media\/30101"}],"wp:attachment":[{"href":"https:\/\/eskigazeteci.com\/index.php?rest_route=%2Fwp%2Fv2%2Fmedia&parent=30102"}],"wp:term":[{"taxonomy":"category","embeddable":true,"href":"https:\/\/eskigazeteci.com\/index.php?rest_route=%2Fwp%2Fv2%2Fcategories&post=30102"},{"taxonomy":"post_tag","embeddable":true,"href":"https:\/\/eskigazeteci.com\/index.php?rest_route=%2Fwp%2Fv2%2Ftags&post=30102"}],"curies":[{"name":"wp","href":"https:\/\/api.w.org\/{rel}","templated":true}]}}