{"id":30100,"date":"2026-04-28T14:25:23","date_gmt":"2026-04-28T14:25:23","guid":{"rendered":"https:\/\/eskigazeteci.com\/?p=30100"},"modified":"2026-04-28T14:25:23","modified_gmt":"2026-04-28T14:25:23","slug":"opec-nedir-ne-demek-ne-ise-yarar-opec-uyeleri-hangi-ulkeler","status":"publish","type":"post","link":"https:\/\/eskigazeteci.com\/?p=30100","title":{"rendered":"OPEC nedir, ne demek, ne i\u015fe yarar? OPEC \u00fcyeleri hangi \u00fclkeler?"},"content":{"rendered":"<p>OPEC, Eyl\u00fcl 1960&#x27;ta \u0130ran, Irak, Kuveyt, Suudi Arabistan ve Venezuela taraf\u0131ndan Ba\u011fdat&#x27;ta imzalanan bir anla\u015fma ile kurulmu\u015ftur. Kurulu\u015fun temel amac\u0131, petrol \u015firketlerinin uygulad\u0131\u011f\u0131 fiyat indirimlerine kar\u015f\u0131 \u00fcretici \u00fclkelerin gelirlerini korumak ve petrol piyasas\u0131nda adil ve istikrarl\u0131 fiyatlar sa\u011flamakt\u0131r. Ayr\u0131ca, t\u00fcketici \u00fclkelere verimli, ekonomik ve d\u00fczenli petrol tedariki sa\u011flamak ve petrol end\u00fcstrisine yat\u0131r\u0131m yapanlara adil bir sermaye getirisi sunmak da OPEC&#x27;in misyonlar\u0131 aras\u0131nda yer almaktad\u0131r.<\/p>\n<p>OPEC \u00dcYELER\u0130<\/p>\n<p>OPEC, kurulu\u015fundan bu yana bir\u00e7ok \u00fclkenin kat\u0131l\u0131m\u0131na ve ayr\u0131l\u0131\u011f\u0131na tan\u0131k olmu\u015ftur. 2024 y\u0131l\u0131 itibar\u0131yla \u00f6rg\u00fct\u00fcn 12 \u00fcyesi bulunmaktad\u0131r. Kurucu \u00fcyelerin yan\u0131 s\u0131ra, zamanla farkl\u0131 \u00fclkeler de \u00f6rg\u00fcte kat\u0131lm\u0131\u015f veya \u00fcyeliklerini ask\u0131ya alm\u0131\u015ft\u0131r. \u00d6rne\u011fin, Katar 2019&#x27;da, Ekvador 2020&#x27;de ve Angola 1 Ocak 2024 itibar\u0131yla \u00fcyelikten ayr\u0131lm\u0131\u015ft\u0131r. Endonezya&#x27;n\u0131n \u00fcyeli\u011fi ise ask\u0131dad\u0131r.<\/p>\n<p>G\u00dcNCEL OPEC \u00dcYES\u0130 \u00dcLKELER (2024):<\/p>\n<p>\u00dclke Ad\u0131<\/p>\n<p>Kat\u0131l\u0131m Y\u0131l\u0131<\/p>\n<p>Cezayir<\/p>\n<p>1969<\/p>\n<p>Kongo<\/p>\n<p>2018<\/p>\n<p>Ekvator Ginesi<\/p>\n<p>2017<\/p>\n<p>Gabon<\/p>\n<p>1975 (2016&#x27;da yeniden kat\u0131ld\u0131)<\/p>\n<p>\u0130ran<\/p>\n<p>1960 (Kurucu)<\/p>\n<p>Irak<\/p>\n<p>1960 (Kurucu)<\/p>\n<p>Kuveyt<\/p>\n<p>1960 (Kurucu)<\/p>\n<p>Libya<\/p>\n<p>1962<\/p>\n<p>Nijerya<\/p>\n<p>1971<\/p>\n<p>Suudi Arabistan<\/p>\n<p>1960 (Kurucu)<\/p>\n<p>Birle\u015fik Arap&#8230;<\/p>\n","protected":false},"excerpt":{"rendered":"<p>Petrol \u0130hra\u00e7 Eden \u00dclkeler \u00d6rg\u00fct\u00fc (OPEC), d\u00fcnya petrol piyasas\u0131nda \u00f6nemli bir rol oynayan uluslararas\u0131 bir kurulu\u015ftur. 1960 y\u0131l\u0131nda Ba\u011fdat&#8217;ta kurulan OPEC,&#8230;<\/p>\n","protected":false},"author":2,"featured_media":30099,"comment_status":"open","ping_status":"open","sticky":false,"template":"","format":"standard","meta":{"footnotes":""},"categories":[8,6,5],"tags":[],"class_list":["post-30100","post","type-post","status-publish","format-standard","has-post-thumbnail","hentry","category-arsiv","category-gundem","category-son-dakika"],"_links":{"self":[{"href":"https:\/\/eskigazeteci.com\/index.php?rest_route=\/wp\/v2\/posts\/30100","targetHints":{"allow":["GET"]}}],"collection":[{"href":"https:\/\/eskigazeteci.com\/index.php?rest_route=\/wp\/v2\/posts"}],"about":[{"href":"https:\/\/eskigazeteci.com\/index.php?rest_route=\/wp\/v2\/types\/post"}],"author":[{"embeddable":true,"href":"https:\/\/eskigazeteci.com\/index.php?rest_route=\/wp\/v2\/users\/2"}],"replies":[{"embeddable":true,"href":"https:\/\/eskigazeteci.com\/index.php?rest_route=%2Fwp%2Fv2%2Fcomments&post=30100"}],"version-history":[{"count":0,"href":"https:\/\/eskigazeteci.com\/index.php?rest_route=\/wp\/v2\/posts\/30100\/revisions"}],"wp:featuredmedia":[{"embeddable":true,"href":"https:\/\/eskigazeteci.com\/index.php?rest_route=\/wp\/v2\/media\/30099"}],"wp:attachment":[{"href":"https:\/\/eskigazeteci.com\/index.php?rest_route=%2Fwp%2Fv2%2Fmedia&parent=30100"}],"wp:term":[{"taxonomy":"category","embeddable":true,"href":"https:\/\/eskigazeteci.com\/index.php?rest_route=%2Fwp%2Fv2%2Fcategories&post=30100"},{"taxonomy":"post_tag","embeddable":true,"href":"https:\/\/eskigazeteci.com\/index.php?rest_route=%2Fwp%2Fv2%2Ftags&post=30100"}],"curies":[{"name":"wp","href":"https:\/\/api.w.org\/{rel}","templated":true}]}}