{"id":30098,"date":"2026-04-28T14:15:21","date_gmt":"2026-04-28T14:15:21","guid":{"rendered":"https:\/\/eskigazeteci.com\/?p=30098"},"modified":"2026-04-28T14:15:21","modified_gmt":"2026-04-28T14:15:21","slug":"yunan-muziginin-yasayan-efsanesi-antonis-remos-2-mayista-istanbulda-sahne-alacak","status":"publish","type":"post","link":"https:\/\/eskigazeteci.com\/?p=30098","title":{"rendered":"Yunan m\u00fczi\u011finin ya\u015fayan efsanesi Antonis Remos 2 May\u0131s\u2019ta \u0130stanbul\u2019da sahne alacak"},"content":{"rendered":"<p>Y\u0131llard\u0131r yaln\u0131zca Yunanistan\u2019\u0131n de\u011fil, Avrupa\u2019dan Orta Do\u011fu\u2019ya uzanan geni\u015f bir co\u011frafyan\u0131n en \u00e7ok dinlenen ve en \u00e7ok sahne talebi g\u00f6ren sanat\u00e7\u0131lar\u0131ndan biri olan Remos, g\u00fc\u00e7l\u00fc yorumu ve sahne hakimiyetiyle milyonlar\u0131n kalbine dokunmay\u0131 ba\u015fard\u0131. Duygusal balladlardan hareketli par\u00e7alara uzanan geni\u015f m\u00fczikal skalas\u0131yla her konserinde seyirciyle derin bir ba\u011f kuran sanat\u00e7\u0131, \u0130stanbul\u2019da da yine \u00e7ok konu\u015fulacak bir geceye haz\u0131rlan\u0131yor.<\/p>\n<p>T\u00dcRK\u0130YE\u2019DE EN \u00c7OK \u0130LG\u0130 G\u00d6REN YUNAN SANAT\u00c7I<\/p>\n<p>Antonis Remos, T\u00fcrkiye ile kurdu\u011fu g\u00fc\u00e7l\u00fc ba\u011f ve y\u0131llard\u0131r s\u00fcren yo\u011fun ilgi sayesinde, T\u00fcrk dinleyicisinin en \u00e7ok takip etti\u011fi Yunan sanat\u00e7\u0131lar\u0131n ba\u015f\u0131nda geliyor. \u0130stanbul ba\u015fta olmak \u00fczere T\u00fcrkiye\u2019nin farkl\u0131 \u015fehirlerinde verdi\u011fi konserlerde her defas\u0131nda kapal\u0131 gi\u015fe sahne alan sanat\u00e7\u0131, iki \u00fclke aras\u0131nda m\u00fczik \u00fczerinden kurulan k\u00fclt\u00fcrel k\u00f6pr\u00fcn\u00fcn en \u00f6nemli temsilcilerinden biri olarak \u00f6ne \u00e7\u0131k\u0131yor.<\/p>\n<p>Sanat\u00e7\u0131n\u0131n T\u00fcrkiye\u2019deki dinleyici kitlesi yaln\u0131zca Yunan m\u00fczi\u011fi severlerle s\u0131n\u0131rl\u0131 kalm\u0131yor; g\u00fc\u00e7l\u00fc sahne enerjisi ve evrensel duygulara hitap eden \u015fark\u0131lar\u0131 sayesinde \u00e7ok geni\u015f bir kitleye ula\u015f\u0131yor. Bu y\u00f6n\u00fcyle Remos konserleri, sadece bir m\u00fczik etkinli\u011fi de\u011fil, ayn\u0131 zamanda k\u00fclt\u00fcrel bir bulu\u015fma niteli\u011fi&#8230;<\/p>\n","protected":false},"excerpt":{"rendered":"<p>Yunan m\u00fczi\u011finin en g\u00fc\u00e7l\u00fc ve en duygusal seslerinden biri olarak kabul edilen, sahnedeki karizmas\u0131 ve y\u0131llara meydan okuyan repertuvar\u0131yla \u201cya\u015fayan efsane\u201d&#8230;<\/p>\n","protected":false},"author":2,"featured_media":30097,"comment_status":"open","ping_status":"open","sticky":false,"template":"","format":"standard","meta":{"footnotes":""},"categories":[8,6,5],"tags":[],"class_list":["post-30098","post","type-post","status-publish","format-standard","has-post-thumbnail","hentry","category-arsiv","category-gundem","category-son-dakika"],"_links":{"self":[{"href":"https:\/\/eskigazeteci.com\/index.php?rest_route=\/wp\/v2\/posts\/30098","targetHints":{"allow":["GET"]}}],"collection":[{"href":"https:\/\/eskigazeteci.com\/index.php?rest_route=\/wp\/v2\/posts"}],"about":[{"href":"https:\/\/eskigazeteci.com\/index.php?rest_route=\/wp\/v2\/types\/post"}],"author":[{"embeddable":true,"href":"https:\/\/eskigazeteci.com\/index.php?rest_route=\/wp\/v2\/users\/2"}],"replies":[{"embeddable":true,"href":"https:\/\/eskigazeteci.com\/index.php?rest_route=%2Fwp%2Fv2%2Fcomments&post=30098"}],"version-history":[{"count":0,"href":"https:\/\/eskigazeteci.com\/index.php?rest_route=\/wp\/v2\/posts\/30098\/revisions"}],"wp:featuredmedia":[{"embeddable":true,"href":"https:\/\/eskigazeteci.com\/index.php?rest_route=\/wp\/v2\/media\/30097"}],"wp:attachment":[{"href":"https:\/\/eskigazeteci.com\/index.php?rest_route=%2Fwp%2Fv2%2Fmedia&parent=30098"}],"wp:term":[{"taxonomy":"category","embeddable":true,"href":"https:\/\/eskigazeteci.com\/index.php?rest_route=%2Fwp%2Fv2%2Fcategories&post=30098"},{"taxonomy":"post_tag","embeddable":true,"href":"https:\/\/eskigazeteci.com\/index.php?rest_route=%2Fwp%2Fv2%2Ftags&post=30098"}],"curies":[{"name":"wp","href":"https:\/\/api.w.org\/{rel}","templated":true}]}}