{"id":30094,"date":"2026-04-28T14:01:20","date_gmt":"2026-04-28T14:01:20","guid":{"rendered":"https:\/\/eskigazeteci.com\/?p=30094"},"modified":"2026-04-28T14:01:20","modified_gmt":"2026-04-28T14:01:20","slug":"atlas-caglayanin-ailesine-bir-de-bu-kotulugu-yapmislardi-tutuklu-sahis-sucunu-itiraf-etti-cezaevindeki-diger-mahkumlardan-da-tepki-aldim","status":"publish","type":"post","link":"https:\/\/eskigazeteci.com\/?p=30094","title":{"rendered":"Atlas \u00c7a\u011flayan&#8217;\u0131n ailesine bir de bu k\u00f6t\u00fcl\u00fc\u011f\u00fc yapm\u0131\u015flard\u0131! Tutuklu \u015fah\u0131s su\u00e7unu itiraf etti: Cezaevindeki di\u011fer mahkumlardan da tepki ald\u0131m"},"content":{"rendered":"<p>G\u00fcng\u00f6ren&#x27;de 14 Ocak&#x27;ta E.\u00c7. taraf\u0131ndan b\u0131\u00e7aklanarak \u00f6ld\u00fcr\u00fclen Atlas \u00c7a\u011flayan&#x27;\u0131n \u00f6l\u00fcm\u00fcn\u00fcn ard\u0131ndan ailesine y\u00f6nelik tehdit mesajlar\u0131 g\u00f6nderdi\u011fi belirlenen Muhammet Yusuf Kaz\u0131c\u0131 hakk\u0131nda G\u00fclhan \u00dcnl\u00fc&#x27;ye y\u00f6nelik &#x27;Gece vakti ya\u011fmaya te\u015febb\u00fcs&#x27; ve &#x27;Ki\u015filerin huzur ve s\u00fckununu bozma&#x27; su\u00e7lar\u0131ndan toplam 2 y\u0131l 9 aydan, 12 y\u0131l 3 aya kadar hapis cezas\u0131 talep edildi. Ayr\u0131ca Kaz\u0131c\u0131 hakk\u0131nda G\u00fclhan \u00dcnl\u00fc ve C\u00fcneyt \u00c7a\u011flayan ile ma\u011fdurlar Atlas, Doruk, Ayaz ve Arden \u00c7a\u011flayan&#x27;a y\u00f6nelik &#x27;Zincirleme \u015fekilde ki\u015fisel verileri ele ge\u00e7irmek&#x27; su\u00e7undan 2 y\u0131l 6 aydan, 7 y\u0131la kadar hapis cezas\u0131 istendi. Bak\u0131rk\u00f6y 15. A\u011f\u0131r Ceza Mahkemesi&#x27;nde hakim kar\u015f\u0131s\u0131na \u00e7\u0131kan san\u0131k Kaz\u0131c\u0131, duru\u015fmaya SEGB\u0130S (Sesli ve g\u00f6r\u00fcnt\u00fcl\u00fc Bili\u015fim Sistemleri) ile kat\u0131l\u0131rken taraflar\u0131n avukat\u0131 duru\u015fmada haz\u0131r bulundu.<\/p>\n<p>&#x27;MESAJLARI SANAL MEDYAYA KEND\u0130M\u0130 KAPTIRDI\u011eIM \u0130\u00c7\u0130N G\u00d6NDERD\u0130M&#x27;<\/p>\n<p>Duru\u015fmada savunma yapan tutuklu san\u0131k Muhammed Yusuf Kaz\u0131c\u0131, &quot;\u0130ddianamede yaz\u0131l\u0131 mesajlar\u0131 ve payla\u015f\u0131mlar\u0131 ben yapt\u0131m. Bir cahillik yapt\u0131m. Atlas \u00c7a\u011flayan ve m\u00fc\u015ftekileri tan\u0131m\u0131yorum. 40 bin lira alacak verecek meselesi yoktur. O mesajlar\u0131 sanal medyaya kendimi kapt\u0131rd\u0131\u011f\u0131m i\u00e7in g\u00f6nderdim. G\u00fclhan \u00dcnl\u00fc&#x27;y\u00fc sosyal medyada g\u00f6rm\u00fc\u015ft\u00fcm. Ben de orada dola\u015f\u0131rken cahillikle&#8230;<\/p>\n","protected":false},"excerpt":{"rendered":"<p>G\u00fcng\u00f6ren&#8217;de \u00f6ld\u00fcr\u00fclen Atlas \u00c7a\u011flayan (17) cinayetinin ard\u0131ndan aileye tehdit mesajlar\u0131 att\u0131\u011f\u0131 belirlenen ve 19 y\u0131l 3 ay hapis talebiyle yarg\u0131lanan Muhammed&#8230;<\/p>\n","protected":false},"author":2,"featured_media":30093,"comment_status":"open","ping_status":"open","sticky":false,"template":"","format":"standard","meta":{"footnotes":""},"categories":[8,6,5],"tags":[],"class_list":["post-30094","post","type-post","status-publish","format-standard","has-post-thumbnail","hentry","category-arsiv","category-gundem","category-son-dakika"],"_links":{"self":[{"href":"https:\/\/eskigazeteci.com\/index.php?rest_route=\/wp\/v2\/posts\/30094","targetHints":{"allow":["GET"]}}],"collection":[{"href":"https:\/\/eskigazeteci.com\/index.php?rest_route=\/wp\/v2\/posts"}],"about":[{"href":"https:\/\/eskigazeteci.com\/index.php?rest_route=\/wp\/v2\/types\/post"}],"author":[{"embeddable":true,"href":"https:\/\/eskigazeteci.com\/index.php?rest_route=\/wp\/v2\/users\/2"}],"replies":[{"embeddable":true,"href":"https:\/\/eskigazeteci.com\/index.php?rest_route=%2Fwp%2Fv2%2Fcomments&post=30094"}],"version-history":[{"count":0,"href":"https:\/\/eskigazeteci.com\/index.php?rest_route=\/wp\/v2\/posts\/30094\/revisions"}],"wp:featuredmedia":[{"embeddable":true,"href":"https:\/\/eskigazeteci.com\/index.php?rest_route=\/wp\/v2\/media\/30093"}],"wp:attachment":[{"href":"https:\/\/eskigazeteci.com\/index.php?rest_route=%2Fwp%2Fv2%2Fmedia&parent=30094"}],"wp:term":[{"taxonomy":"category","embeddable":true,"href":"https:\/\/eskigazeteci.com\/index.php?rest_route=%2Fwp%2Fv2%2Fcategories&post=30094"},{"taxonomy":"post_tag","embeddable":true,"href":"https:\/\/eskigazeteci.com\/index.php?rest_route=%2Fwp%2Fv2%2Ftags&post=30094"}],"curies":[{"name":"wp","href":"https:\/\/api.w.org\/{rel}","templated":true}]}}