{"id":30084,"date":"2026-04-28T13:45:19","date_gmt":"2026-04-28T13:45:19","guid":{"rendered":"https:\/\/eskigazeteci.com\/?p=30084"},"modified":"2026-04-28T13:45:19","modified_gmt":"2026-04-28T13:45:19","slug":"fransiz-cimento-firmasi-lafarge-teror-finansmanindan-hukum-giydigi-davada-temyize-gidecek","status":"publish","type":"post","link":"https:\/\/eskigazeteci.com\/?p=30084","title":{"rendered":"Frans\u0131z \u00e7imento firmas\u0131 Lafarge, ter\u00f6r finansman\u0131ndan h\u00fck\u00fcm giydi\u011fi davada temyize gidecek"},"content":{"rendered":"<p>Paris Temyiz Mahkemesinden yap\u0131lan a\u00e7\u0131klamada, Lafarge\u2019\u0131n 2013-2014&#x27;te Suriye\u2019deki faaliyetleri kapsam\u0131nda ter\u00f6r \u00f6rg\u00fctlerine yakla\u015f\u0131k 5,6 milyon avro \u00f6deme yapt\u0131\u011f\u0131 gerek\u00e7esiyle su\u00e7lu bulundu\u011fu mahkeme karar\u0131na kar\u015f\u0131 temyize ba\u015fvuraca\u011f\u0131 bildirildi.<\/p>\n<p>A\u00e7\u0131klamada, \u015firket ve beraberinde h\u00fck\u00fcm giyen 8 ki\u015finin temyize gidece\u011fi aktar\u0131ld\u0131.<\/p>\n<p>Paris Ceza Mahkemesi, 13 Nisan\u2019da Lafarge ve 8 ki\u015finin, Suriye&#x27;deki faaliyetleri kapsam\u0131nda &quot;ter\u00f6r \u00f6rg\u00fct\u00fcn\u00fc finanse etmekten&quot; su\u00e7lu oldu\u011funa karar vermi\u015fti. Davada yarg\u0131lanan 8 ki\u015fi, 18 ay ila 7 y\u0131l hapis cezalar\u0131 ve para cezalar\u0131na \u00e7arpt\u0131r\u0131lm\u0131\u015ft\u0131.<\/p>\n<p>\u015eirkete ise 1 milyon 125 bin avro ceza kesilmi\u015fti.<\/p>\n<p>Frans\u0131z \u00e7imento firmas\u0131 ter\u00f6r \u00f6rg\u00fct\u00fcn\u00fc finanse etmekten su\u00e7lu bulundu<\/p>\n<p>AA, LAFARGE&#x27;IN DEA\u015e&#x27;I F\u0130NANSE ETT\u0130\u011e\u0130N\u0130 KANITLAYAN BELGELER\u0130 YAYIMLAMI\u015eTI<\/p>\n<p>Anadolu Ajans\u0131 (AA), 7 Eyl\u00fcl 2021&#x27;de Frans\u0131z \u015firketi Lafarge&#x27;\u0131n, ter\u00f6r \u00f6rg\u00fct\u00fc DEA\u015e&#x27;\u0131 Frans\u0131z istihbarat\u0131n\u0131n bilgisi dahilinde finanse etti\u011fini kan\u0131tlayan belgeleri yay\u0131mlam\u0131\u015f, bu belgeler d\u00fcnya genelinde geni\u015f yank\u0131 bulmu\u015ftu.<\/p>\n<p>\u015eirket hakk\u0131nda Haziran 2017&#x27;de a\u00e7\u0131lan soru\u015fturma kapsam\u0131nda Lafarge&#x27;\u0131n eski Y\u00f6netim Kurulu Ba\u015fkan\u0131 Bruno Lafont&#x27;un da aralar\u0131nda bulundu\u011fu baz\u0131 \u00fcst d\u00fczey y\u00f6neticiler, &quot;ter\u00f6re finansman&#8230;<\/p>\n","protected":false},"excerpt":{"rendered":"<p>Frans\u0131z \u00e7imento firmas\u0131 Lafarge&#8217;\u0131n ter\u00f6r \u00f6rg\u00fctlerini finanse etmekten su\u00e7lu bulunarak 1 milyon 125 bin avro para cezas\u0131na \u00e7arpt\u0131r\u0131ld\u0131\u011f\u0131 davada temyize&#8230;<\/p>\n","protected":false},"author":2,"featured_media":30083,"comment_status":"open","ping_status":"open","sticky":false,"template":"","format":"standard","meta":{"footnotes":""},"categories":[6,5],"tags":[],"class_list":["post-30084","post","type-post","status-publish","format-standard","has-post-thumbnail","hentry","category-gundem","category-son-dakika"],"_links":{"self":[{"href":"https:\/\/eskigazeteci.com\/index.php?rest_route=\/wp\/v2\/posts\/30084","targetHints":{"allow":["GET"]}}],"collection":[{"href":"https:\/\/eskigazeteci.com\/index.php?rest_route=\/wp\/v2\/posts"}],"about":[{"href":"https:\/\/eskigazeteci.com\/index.php?rest_route=\/wp\/v2\/types\/post"}],"author":[{"embeddable":true,"href":"https:\/\/eskigazeteci.com\/index.php?rest_route=\/wp\/v2\/users\/2"}],"replies":[{"embeddable":true,"href":"https:\/\/eskigazeteci.com\/index.php?rest_route=%2Fwp%2Fv2%2Fcomments&post=30084"}],"version-history":[{"count":0,"href":"https:\/\/eskigazeteci.com\/index.php?rest_route=\/wp\/v2\/posts\/30084\/revisions"}],"wp:featuredmedia":[{"embeddable":true,"href":"https:\/\/eskigazeteci.com\/index.php?rest_route=\/wp\/v2\/media\/30083"}],"wp:attachment":[{"href":"https:\/\/eskigazeteci.com\/index.php?rest_route=%2Fwp%2Fv2%2Fmedia&parent=30084"}],"wp:term":[{"taxonomy":"category","embeddable":true,"href":"https:\/\/eskigazeteci.com\/index.php?rest_route=%2Fwp%2Fv2%2Fcategories&post=30084"},{"taxonomy":"post_tag","embeddable":true,"href":"https:\/\/eskigazeteci.com\/index.php?rest_route=%2Fwp%2Fv2%2Ftags&post=30084"}],"curies":[{"name":"wp","href":"https:\/\/api.w.org\/{rel}","templated":true}]}}