{"id":30068,"date":"2026-04-28T13:06:51","date_gmt":"2026-04-28T13:06:51","guid":{"rendered":"https:\/\/eskigazeteci.com\/?p=30068"},"modified":"2026-04-28T13:06:51","modified_gmt":"2026-04-28T13:06:51","slug":"2026da-10-yeni-acilis-ile-hedef-80-magaza","status":"publish","type":"post","link":"https:\/\/eskigazeteci.com\/?p=30068","title":{"rendered":"2026\u2019da 10 yeni a\u00e7\u0131l\u0131\u015f ile hedef 80 ma\u011faza"},"content":{"rendered":"<p>Markan\u0131n 2026 y\u0131l\u0131ndaki b\u00fcy\u00fcme plan\u0131 a\u011f\u0131rl\u0131kl\u0131 olarak \u0130stanbul ve Ankara\u2019da yo\u011funla\u015f\u0131rken, Kad\u0131n, Erkek ve \u00c7ocuk koleksiyonlar\u0131n\u0131 kapsad\u0131\u011f\u0131 belirtildi.<\/p>\n<p>Konuya ili\u015fkin de\u011ferlendirmede bulunan MANGO EMANI, T\u00fcrkiye ve Asya Uluslararas\u0131 Perakende Direkt\u00f6r\u00fc H\u00fcseyin G\u00f6l\u00e7\u00fck, T\u00fcrkiye\u2019nin \u015firketin kilit pazarlar\u0131 aras\u0131nda yer ald\u0131\u011f\u0131n\u0131 belirterek \u015funlar\u0131 s\u00f6yledi: \u201cT\u00fcrkiye\u2019de ilk ma\u011fazam\u0131z\u0131 yakla\u015f\u0131k otuz y\u0131l \u00f6nce a\u00e7t\u0131k ve y\u0131llar i\u00e7inde m\u00fc\u015fterilerimizle g\u00fc\u00e7l\u00fc bir ba\u011f kurduk. 2026 y\u0131l\u0131ndaki yeni ma\u011faza yat\u0131r\u0131mlar\u0131m\u0131z, Akdeniz\u2019den ilham alan koleksiyonlar\u0131m\u0131z\u0131 m\u00fc\u015fterilerimize daha da yak\u0131nla\u015ft\u0131r\u0131rken, T\u00fcrkiye\u2019ye olan g\u00fcvenimizin ve pazara y\u00f6nelik uzun vadeli taahh\u00fcd\u00fcm\u00fcz\u00fcn a\u00e7\u0131k bir g\u00f6stergesini olu\u015fturuyor.\u201d<\/p>\n<p>Piyasa verileri Foreks Bilgi \u0130leti\u015fim Hizmetleri A.\u015e. taraf\u0131ndan sa\u011flanmaktad\u0131r. \u00dcye giri\u015fi yap\u0131lan Canl\u0131 Borsa sayfalar\u0131 haricinde Hisse senedi verileri 15 dk gecikmelidir. Tahvil-Bono-Repo \u00f6zet verileri her durumda 15 dk gecikmelidir.<\/p>\n","protected":false},"excerpt":{"rendered":"<p>Uluslararas\u0131 moda markalar\u0131ndan MANGO, 2026 y\u0131l\u0131nda a\u00e7may\u0131 planlad\u0131\u011f\u0131 10 yeni sat\u0131\u015f noktas\u0131 ile T\u00fcrkiye\u2019deki b\u00fcy\u00fcmesini s\u00fcrd\u00fcrerek y\u0131l sonunda ma\u011faza&#8230;<\/p>\n","protected":false},"author":2,"featured_media":30067,"comment_status":"open","ping_status":"open","sticky":false,"template":"","format":"standard","meta":{"footnotes":""},"categories":[8,6,5],"tags":[],"class_list":["post-30068","post","type-post","status-publish","format-standard","has-post-thumbnail","hentry","category-arsiv","category-gundem","category-son-dakika"],"_links":{"self":[{"href":"https:\/\/eskigazeteci.com\/index.php?rest_route=\/wp\/v2\/posts\/30068","targetHints":{"allow":["GET"]}}],"collection":[{"href":"https:\/\/eskigazeteci.com\/index.php?rest_route=\/wp\/v2\/posts"}],"about":[{"href":"https:\/\/eskigazeteci.com\/index.php?rest_route=\/wp\/v2\/types\/post"}],"author":[{"embeddable":true,"href":"https:\/\/eskigazeteci.com\/index.php?rest_route=\/wp\/v2\/users\/2"}],"replies":[{"embeddable":true,"href":"https:\/\/eskigazeteci.com\/index.php?rest_route=%2Fwp%2Fv2%2Fcomments&post=30068"}],"version-history":[{"count":0,"href":"https:\/\/eskigazeteci.com\/index.php?rest_route=\/wp\/v2\/posts\/30068\/revisions"}],"wp:featuredmedia":[{"embeddable":true,"href":"https:\/\/eskigazeteci.com\/index.php?rest_route=\/wp\/v2\/media\/30067"}],"wp:attachment":[{"href":"https:\/\/eskigazeteci.com\/index.php?rest_route=%2Fwp%2Fv2%2Fmedia&parent=30068"}],"wp:term":[{"taxonomy":"category","embeddable":true,"href":"https:\/\/eskigazeteci.com\/index.php?rest_route=%2Fwp%2Fv2%2Fcategories&post=30068"},{"taxonomy":"post_tag","embeddable":true,"href":"https:\/\/eskigazeteci.com\/index.php?rest_route=%2Fwp%2Fv2%2Ftags&post=30068"}],"curies":[{"name":"wp","href":"https:\/\/api.w.org\/{rel}","templated":true}]}}