{"id":30064,"date":"2026-04-28T13:03:01","date_gmt":"2026-04-28T13:03:01","guid":{"rendered":"https:\/\/eskigazeteci.com\/?p=30064"},"modified":"2026-04-28T13:03:01","modified_gmt":"2026-04-28T13:03:01","slug":"istanbulda-bina-sakinlerini-illallah-ettiren-komsu","status":"publish","type":"post","link":"https:\/\/eskigazeteci.com\/?p=30064","title":{"rendered":"\u0130stanbul&#8217;da bina sakinlerini illallah ettiren kom\u015fu"},"content":{"rendered":"<p>Mustafa Kemal Pa\u015fa Mahallesi Mektep Sokak&#x27;ta bulunan 4 katl\u0131 binada, 8 daireden 4&#x27;\u00fcnde ailesiyle birlikte ya\u015fayan Y\u0131ld\u0131z Yetgin, kom\u015fular\u0131 taraf\u0131ndan 2 daireyi &#x27;\u00e7\u00f6p eve&#x27; d\u00f6n\u00fc\u015ft\u00fcrd\u00fc\u011f\u00fc gerek\u00e7esiyle \u015fikayet edildi. Kom\u015fular\u0131n evlerden yo\u011fun koku geldi\u011fini belirterek savc\u0131l\u0131\u011fa ba\u015fvurmas\u0131 \u00fczerine Avc\u0131lar \u0130l\u00e7e Sa\u011fl\u0131k M\u00fcd\u00fcrl\u00fc\u011f\u00fc, Avc\u0131lar G\u0131da, Tar\u0131m ve Hayvanc\u0131l\u0131k M\u00fcd\u00fcrl\u00fc\u011f\u00fc, Avc\u0131lar Belediyesi ile polis ekipleri 16 Nisan&#x27;da binaya gitti.<\/p>\n<p>\u0130tfaiye ekiplerinin deste\u011fiyle 2 dairede inceleme yapan ekipler, yo\u011fun koku gelen bir dairede \u00e7\u00f6p, karton, kuma\u015f par\u00e7as\u0131 ve \u00e7\u00f6pten toplanan \u00e7e\u015fitli e\u015fyalarla kar\u015f\u0131la\u015ft\u0131. Avc\u0131lar Belediyesi&#x27;ne ba\u011fl\u0131 Temizlik \u0130\u015fleri M\u00fcd\u00fcrl\u00fc\u011f\u00fc ve zab\u0131ta ekipleri, polis g\u00f6zetiminde yapt\u0131klar\u0131 5 saatlik \u00e7al\u0131\u015fmada 3 kamyon \u00e7\u00f6p \u00e7\u0131kard\u0131.<\/p>\n<p>Tahliye i\u015flemi s\u00fcrerken, Y\u0131ld\u0131z Yetgin&#x27;in itiraz\u0131 \u00fczerine mahkeme \u00e7\u00f6p tahliyesinin ge\u00e7ici s\u00fcreyle durdurulmas\u0131na karar verdi. Karar\u0131n ard\u0131ndan ekipler di\u011fer dairedeki tahliye i\u015flemine ba\u015flamad\u0131. Kamyonlara y\u00fcklenen at\u0131klar ise belediye taraf\u0131ndan belirlenen alana g\u00f6t\u00fcr\u00fclerek bo\u015falt\u0131ld\u0131. Di\u011fer dairedeki \u00e7\u00f6plerin durumunun, \u00f6n\u00fcm\u00fczdeki g\u00fcnlerde verilecek mahkeme karar\u0131yla netle\u015fece\u011fi \u00f6\u011frenildi.<\/p>\n<p>\u0130T\u0130RAZ ED\u0130LD\u0130, TAHL\u0130YE YEN\u0130DEN BA\u015eLADI<\/p>\n<p>Bu karara&#8230;<\/p>\n","protected":false},"excerpt":{"rendered":"<p>\u0130stanbul Avc\u0131lar&#8217;daki bir apartmanda dairelerini \u00e7\u00f6p eve \u00e7evirdi\u011fi iddia edilen kad\u0131n ile kom\u015fular\u0131 kar\u015f\u0131 kar\u015f\u0131ya geldi. Ayn\u0131 aileye ait 4 evin \u00e7\u00f6p ile&#8230;<\/p>\n","protected":false},"author":2,"featured_media":30063,"comment_status":"open","ping_status":"open","sticky":false,"template":"","format":"standard","meta":{"footnotes":""},"categories":[8,6,5],"tags":[],"class_list":["post-30064","post","type-post","status-publish","format-standard","has-post-thumbnail","hentry","category-arsiv","category-gundem","category-son-dakika"],"_links":{"self":[{"href":"https:\/\/eskigazeteci.com\/index.php?rest_route=\/wp\/v2\/posts\/30064","targetHints":{"allow":["GET"]}}],"collection":[{"href":"https:\/\/eskigazeteci.com\/index.php?rest_route=\/wp\/v2\/posts"}],"about":[{"href":"https:\/\/eskigazeteci.com\/index.php?rest_route=\/wp\/v2\/types\/post"}],"author":[{"embeddable":true,"href":"https:\/\/eskigazeteci.com\/index.php?rest_route=\/wp\/v2\/users\/2"}],"replies":[{"embeddable":true,"href":"https:\/\/eskigazeteci.com\/index.php?rest_route=%2Fwp%2Fv2%2Fcomments&post=30064"}],"version-history":[{"count":0,"href":"https:\/\/eskigazeteci.com\/index.php?rest_route=\/wp\/v2\/posts\/30064\/revisions"}],"wp:featuredmedia":[{"embeddable":true,"href":"https:\/\/eskigazeteci.com\/index.php?rest_route=\/wp\/v2\/media\/30063"}],"wp:attachment":[{"href":"https:\/\/eskigazeteci.com\/index.php?rest_route=%2Fwp%2Fv2%2Fmedia&parent=30064"}],"wp:term":[{"taxonomy":"category","embeddable":true,"href":"https:\/\/eskigazeteci.com\/index.php?rest_route=%2Fwp%2Fv2%2Fcategories&post=30064"},{"taxonomy":"post_tag","embeddable":true,"href":"https:\/\/eskigazeteci.com\/index.php?rest_route=%2Fwp%2Fv2%2Ftags&post=30064"}],"curies":[{"name":"wp","href":"https:\/\/api.w.org\/{rel}","templated":true}]}}