{"id":30060,"date":"2026-04-28T12:59:55","date_gmt":"2026-04-28T12:59:55","guid":{"rendered":"https:\/\/eskigazeteci.com\/?p=30060"},"modified":"2026-04-28T12:59:55","modified_gmt":"2026-04-28T12:59:55","slug":"babasinin-kacirip-7-yil-harbe-evde-sakladigi-kucuk-nazar-annesine-verilecek","status":"publish","type":"post","link":"https:\/\/eskigazeteci.com\/?p=30060","title":{"rendered":"Babas\u0131n\u0131n ka\u00e7\u0131r\u0131p 7 y\u0131l harbe evde saklad\u0131\u011f\u0131 k\u00fc\u00e7\u00fck nazar annesine verilecek"},"content":{"rendered":"<p>27 Nisan\u2019da ilkokula ba\u015flad\u0131\u011f\u0131 \u00f6\u011frenilen Nazar hakk\u0131ndaki, yurt d\u0131\u015f\u0131na \u00e7\u0131k\u0131\u015f ve pasaport alma yasa\u011f\u0131 da Aile Mahkemesi taraf\u0131ndan kald\u0131r\u0131ld\u0131. Mahkeme tebligat\u0131n\u0131n, ge\u00e7ici koruma alt\u0131nda tutuldu\u011fu Aile ve Sosyal Hizmetler \u0130l M\u00fcd\u00fcrl\u00fc\u011f\u00fc\u2019ne ula\u015fmas\u0131yla annesine teslim edilecek olan Nazar Almanya\u2019ya gidecek.<\/p>\n<p>Mustafakemalpa\u015fa il\u00e7esinde oturan Umut K.\u2019nin, \u00e7al\u0131\u015fmak i\u00e7in gitti\u011fi Almanya&#x27;da birlikte ya\u015famaya ba\u015flad\u0131\u011f\u0131 sevgilisi Rebecca S.\u2019den 2018 y\u0131l\u0131nda &#x27;Nazar&#x27; ismini verdikleri o\u011flu d\u00fcnyaya geldi. Umut K., bir y\u0131l sonra Alman sevgilisi ile birlikte babas\u0131ndan ayr\u0131ld\u0131ktan sonra yeniden evlenen annesi Hanife S.&#x27;yi (60) ziyaret etmek i\u00e7in geldi\u011fi Bursa&#x27;da, 1 ya\u015f\u0131ndaki o\u011flu Nazar S.\u2019yi kayboldu\u011funu s\u00f6yleyerek ka\u00e7\u0131rd\u0131. Rebecca S., polise gidip \u015fikayette bulunduktan sonra \u00fclkesine geri d\u00f6nerken, olayla ilgili soru\u015fturma ba\u015flat\u0131ld\u0131. Umut K., 2 y\u0131l \u00f6nce ge\u00e7irdi\u011fi kalp krizi sonucu hayat\u0131n\u0131 kaybetti. Di\u011fer yandan arama karar\u0131 \u00e7\u0131kar\u0131lan ve g\u00f6zalt\u0131na al\u0131nd\u0131ktan sonra haftada bir kez polise giderek imza atmas\u0131 \u015fart\u0131yla serbest b\u0131rak\u0131lan Hanife S.&#x27;nin durumunun \u015f\u00fcpheli bulunmas\u0131 \u00fczerine Mustafakemalpa\u015fa Cumhuriyet Ba\u015fsavc\u0131l\u0131\u011f\u0131 taraf\u0131ndan soru\u015fturma geni\u015fletildi.<\/p>\n<p>30 G\u00dcNL\u00dcK TAK\u0130P, 300 SAATL\u0130K&#8230;<\/p>\n","protected":false},"excerpt":{"rendered":"<p>Bursa&#8217;da babas\u0131 taraf\u0131ndan ka\u00e7\u0131r\u0131l\u0131p 7 y\u0131l boyunca harabe evde saklanan Nazar, ilkokula ba\u015flamadan \u00f6nce polisin operasyonu ile kurtar\u0131ld\u0131. K\u00fc\u00e7\u00fck \u00e7ocuk&#8230;<\/p>\n","protected":false},"author":2,"featured_media":30059,"comment_status":"open","ping_status":"open","sticky":false,"template":"","format":"standard","meta":{"footnotes":""},"categories":[8,6,5],"tags":[],"class_list":["post-30060","post","type-post","status-publish","format-standard","has-post-thumbnail","hentry","category-arsiv","category-gundem","category-son-dakika"],"_links":{"self":[{"href":"https:\/\/eskigazeteci.com\/index.php?rest_route=\/wp\/v2\/posts\/30060","targetHints":{"allow":["GET"]}}],"collection":[{"href":"https:\/\/eskigazeteci.com\/index.php?rest_route=\/wp\/v2\/posts"}],"about":[{"href":"https:\/\/eskigazeteci.com\/index.php?rest_route=\/wp\/v2\/types\/post"}],"author":[{"embeddable":true,"href":"https:\/\/eskigazeteci.com\/index.php?rest_route=\/wp\/v2\/users\/2"}],"replies":[{"embeddable":true,"href":"https:\/\/eskigazeteci.com\/index.php?rest_route=%2Fwp%2Fv2%2Fcomments&post=30060"}],"version-history":[{"count":0,"href":"https:\/\/eskigazeteci.com\/index.php?rest_route=\/wp\/v2\/posts\/30060\/revisions"}],"wp:featuredmedia":[{"embeddable":true,"href":"https:\/\/eskigazeteci.com\/index.php?rest_route=\/wp\/v2\/media\/30059"}],"wp:attachment":[{"href":"https:\/\/eskigazeteci.com\/index.php?rest_route=%2Fwp%2Fv2%2Fmedia&parent=30060"}],"wp:term":[{"taxonomy":"category","embeddable":true,"href":"https:\/\/eskigazeteci.com\/index.php?rest_route=%2Fwp%2Fv2%2Fcategories&post=30060"},{"taxonomy":"post_tag","embeddable":true,"href":"https:\/\/eskigazeteci.com\/index.php?rest_route=%2Fwp%2Fv2%2Ftags&post=30060"}],"curies":[{"name":"wp","href":"https:\/\/api.w.org\/{rel}","templated":true}]}}