{"id":30058,"date":"2026-04-28T12:58:22","date_gmt":"2026-04-28T12:58:22","guid":{"rendered":"https:\/\/eskigazeteci.com\/?p=30058"},"modified":"2026-04-28T12:58:22","modified_gmt":"2026-04-28T12:58:22","slug":"turkiye-ve-ermenistan-arasinda-tarihi-gorusme","status":"publish","type":"post","link":"https:\/\/eskigazeteci.com\/?p=30058","title":{"rendered":"T\u00fcrkiye ve Ermenistan aras\u0131nda tarihi g\u00f6r\u00fc\u015fme"},"content":{"rendered":"<p>D\u0131\u015fi\u015fleri Bakanl\u0131\u011f\u0131 , Kars-G\u00fcmr\u00fc demiryolunun yeniden faaliyete ge\u00e7irilmesi amac\u0131yla kurulan T\u00fcrkiye-Ermenistan Ortak \u00c7al\u0131\u015fma Grubu\u2019nun 28 Nisan 2026 tarihinde Kars\u2019ta topland\u0131\u011f\u0131n\u0131 duyurdu.<\/p>\n<p>KARS\u2019TA TAR\u0130H\u0130 TOPLANTI<\/p>\n<p>Bakanl\u0131ktan yap\u0131lan a\u00e7\u0131klamada, T\u00fcrkiye &#8211; Ermenistan Normalle\u015fme S\u00fcreci kapsam\u0131nda var\u0131lan mutabakat do\u011frultusunda Kars-G\u00fcmr\u00fc demiryolunun rehabilitasyonu ve yeniden i\u015fletmeye al\u0131nmas\u0131 i\u00e7in olu\u015fturulan ortak \u00e7al\u0131\u015fma grubunun Kars\u2019ta bir araya geldi\u011fi belirtildi.<\/p>\n<p>\u201cB\u0130R AN EVVEL FAAL\u0130YETE GE\u00c7\u0130R\u0130LMEL\u0130\u201d<\/p>\n<p>A\u00e7\u0131klamada, taraflar\u0131n b\u00f6lgesel ula\u015ft\u0131rma ba\u011flant\u0131lar\u0131n\u0131n geli\u015ftirilmesi kapsam\u0131nda Kars-G\u00fcmr\u00fc demiryolunun en k\u0131sa s\u00fcrede yeniden hizmete a\u00e7\u0131lmas\u0131n\u0131n \u00f6nemini vurgulad\u0131\u011f\u0131 ifade edildi.<\/p>\n<p>Yurtd\u0131\u015f\u0131nda ya\u015fanan en son olaylar, d\u00fcnya g\u00fcndemine oturan d\u0131\u015f haberler, son dakika d\u00fcnya haberleri, di\u011fer d\u00fcnya \u00fclkelerinden g\u00fcncel haberler i\u00e7in T\u00fcrkiye&#x27;nin haber sitesi hurriyet.com.tr; Hurriyet.com.tr haber i\u00e7erikleri kaynak g\u00f6sterilmeden al\u0131nt\u0131 yap\u0131lamaz, Kanuna ayk\u0131r\u0131 ve izinsiz olarak kopyalanamaz, ba\u015fka yerde yay\u0131nlanamaz.<\/p>\n","protected":false},"excerpt":{"rendered":"<p>D\u0131\u015fi\u015fleri Bakanl\u0131\u011f\u0131, Kars-G\u00fcmr\u00fc demiryolunun yeniden faaliyete ge\u00e7irilmesi i\u00e7in T\u00fcrkiye ve Ermenistan heyetlerinin Kars\u2019ta bir araya geldi\u011fini duyurdu.<\/p>\n","protected":false},"author":2,"featured_media":30057,"comment_status":"open","ping_status":"open","sticky":false,"template":"","format":"standard","meta":{"footnotes":""},"categories":[8,6,5],"tags":[],"class_list":["post-30058","post","type-post","status-publish","format-standard","has-post-thumbnail","hentry","category-arsiv","category-gundem","category-son-dakika"],"_links":{"self":[{"href":"https:\/\/eskigazeteci.com\/index.php?rest_route=\/wp\/v2\/posts\/30058","targetHints":{"allow":["GET"]}}],"collection":[{"href":"https:\/\/eskigazeteci.com\/index.php?rest_route=\/wp\/v2\/posts"}],"about":[{"href":"https:\/\/eskigazeteci.com\/index.php?rest_route=\/wp\/v2\/types\/post"}],"author":[{"embeddable":true,"href":"https:\/\/eskigazeteci.com\/index.php?rest_route=\/wp\/v2\/users\/2"}],"replies":[{"embeddable":true,"href":"https:\/\/eskigazeteci.com\/index.php?rest_route=%2Fwp%2Fv2%2Fcomments&post=30058"}],"version-history":[{"count":0,"href":"https:\/\/eskigazeteci.com\/index.php?rest_route=\/wp\/v2\/posts\/30058\/revisions"}],"wp:featuredmedia":[{"embeddable":true,"href":"https:\/\/eskigazeteci.com\/index.php?rest_route=\/wp\/v2\/media\/30057"}],"wp:attachment":[{"href":"https:\/\/eskigazeteci.com\/index.php?rest_route=%2Fwp%2Fv2%2Fmedia&parent=30058"}],"wp:term":[{"taxonomy":"category","embeddable":true,"href":"https:\/\/eskigazeteci.com\/index.php?rest_route=%2Fwp%2Fv2%2Fcategories&post=30058"},{"taxonomy":"post_tag","embeddable":true,"href":"https:\/\/eskigazeteci.com\/index.php?rest_route=%2Fwp%2Fv2%2Ftags&post=30058"}],"curies":[{"name":"wp","href":"https:\/\/api.w.org\/{rel}","templated":true}]}}