{"id":30054,"date":"2026-04-28T12:55:18","date_gmt":"2026-04-28T12:55:18","guid":{"rendered":"https:\/\/eskigazeteci.com\/?p=30054"},"modified":"2026-04-28T12:55:18","modified_gmt":"2026-04-28T12:55:18","slug":"galatasaray-taraftara-acik-antrenman-ne-zaman-saat-kacta-yapilacak","status":"publish","type":"post","link":"https:\/\/eskigazeteci.com\/?p=30054","title":{"rendered":"Galatasaray taraftara a\u00e7\u0131k antrenman ne zaman, saat ka\u00e7ta yap\u0131lacak?"},"content":{"rendered":"<p>S\u00fcper Lig&#x27;de \u015fampiyonluk m\u00fccadelesi veren Galatasaray, kritik haftalar \u00f6ncesinde taraftar\u0131n\u0131n deste\u011fini arkas\u0131na almak i\u00e7in \u00f6nemli bir ad\u0131m att\u0131. Kul\u00fcpten yap\u0131lan resmi a\u00e7\u0131klamaya g\u00f6re, sar\u0131-k\u0131rm\u0131z\u0131l\u0131 tak\u0131m 29 Nisan 2026 \u00c7ar\u015famba g\u00fcn\u00fc saat 20.00&#x27;de Ali Sami Yen Spor Kompleksi RAMS Park&#x27;ta taraftara a\u00e7\u0131k bir antrenman ger\u00e7ekle\u015ftirecek. &quot;Hedef 26&quot; parolas\u0131yla \u015fampiyonlu\u011fa kenetlenen Galatasaray camias\u0131, bu \u00f6zel etkinlikte futbolcular ve teknik heyetle bir araya gelerek moral depolayacak. Antrenman\u0131n b\u00fcy\u00fck bir co\u015fkuya sahne olmas\u0131 ve trib\u00fcnlerin tamamen dolmas\u0131 bekleniyor.<\/p>\n<p>Taraftara a\u00e7\u0131k antrenman\u0131 izlemek isteyen sar\u0131-k\u0131rm\u0131z\u0131l\u0131 renklere g\u00f6n\u00fcl verenler i\u00e7in biletler \u00fccretsiz olarak sunulacak. Ancak bilet temini i\u00e7in belirli \u015fartlar ve \u00f6ncelik s\u0131ralamas\u0131 bulunuyor. Kul\u00fcb\u00fcn a\u00e7\u0131klad\u0131\u011f\u0131 bilet sat\u0131\u015f program\u0131 \u015fu \u015fekilde: Kategori Bilet Al\u0131m Tarihi ve Saati Bilet Al\u0131m Kanallar\u0131 2025-2026 Sezonu Kombine ve VIP Kombine Sahipleri 28 Nisan 2026 Sal\u0131, 12.00 &#8211; 18.00 passo.com.tr ve Passo uygulamas\u0131 GSPlus Premium ve GSPara Kartl\u0131lar 28 Nisan 2026 Sal\u0131, 18.00 &#8211; 23.00 passo.com.tr ve Passo uygulamas\u0131 GSPlus Uygulamas\u0131 Olan Taraftarlar 28 Nisan 2026 Sal\u0131, 23.00&#x27;ten itibaren passo.com.tr, Passo&#8230;<\/p>\n","protected":false},"excerpt":{"rendered":"<p>Galatasaray, 24. \u015fampiyonluk yolunda kritik viraja girilirken taraftar\u0131yla bulu\u015fmaya haz\u0131rlan\u0131yor. Sar\u0131-k\u0131rm\u0131z\u0131l\u0131 kul\u00fcp, 29 Nisan 2026 \u00c7ar\u015famba g\u00fcn\u00fc RAMS&#8230;<\/p>\n","protected":false},"author":2,"featured_media":30053,"comment_status":"open","ping_status":"open","sticky":false,"template":"","format":"standard","meta":{"footnotes":""},"categories":[8,5,7],"tags":[],"class_list":["post-30054","post","type-post","status-publish","format-standard","has-post-thumbnail","hentry","category-arsiv","category-son-dakika","category-spor"],"_links":{"self":[{"href":"https:\/\/eskigazeteci.com\/index.php?rest_route=\/wp\/v2\/posts\/30054","targetHints":{"allow":["GET"]}}],"collection":[{"href":"https:\/\/eskigazeteci.com\/index.php?rest_route=\/wp\/v2\/posts"}],"about":[{"href":"https:\/\/eskigazeteci.com\/index.php?rest_route=\/wp\/v2\/types\/post"}],"author":[{"embeddable":true,"href":"https:\/\/eskigazeteci.com\/index.php?rest_route=\/wp\/v2\/users\/2"}],"replies":[{"embeddable":true,"href":"https:\/\/eskigazeteci.com\/index.php?rest_route=%2Fwp%2Fv2%2Fcomments&post=30054"}],"version-history":[{"count":0,"href":"https:\/\/eskigazeteci.com\/index.php?rest_route=\/wp\/v2\/posts\/30054\/revisions"}],"wp:featuredmedia":[{"embeddable":true,"href":"https:\/\/eskigazeteci.com\/index.php?rest_route=\/wp\/v2\/media\/30053"}],"wp:attachment":[{"href":"https:\/\/eskigazeteci.com\/index.php?rest_route=%2Fwp%2Fv2%2Fmedia&parent=30054"}],"wp:term":[{"taxonomy":"category","embeddable":true,"href":"https:\/\/eskigazeteci.com\/index.php?rest_route=%2Fwp%2Fv2%2Fcategories&post=30054"},{"taxonomy":"post_tag","embeddable":true,"href":"https:\/\/eskigazeteci.com\/index.php?rest_route=%2Fwp%2Fv2%2Ftags&post=30054"}],"curies":[{"name":"wp","href":"https:\/\/api.w.org\/{rel}","templated":true}]}}