{"id":30052,"date":"2026-04-28T12:45:19","date_gmt":"2026-04-28T12:45:19","guid":{"rendered":"https:\/\/eskigazeteci.com\/?p=30052"},"modified":"2026-04-28T12:45:19","modified_gmt":"2026-04-28T12:45:19","slug":"sampiyonlar-ligi-yari-final-tek-mac-mi-cift-mac-mi-sampiyonlar-ligi-yari-final-maclari-rovansi-var-mi","status":"publish","type":"post","link":"https:\/\/eskigazeteci.com\/?p=30052","title":{"rendered":"\u015eampiyonlar Ligi yar\u0131 final tek ma\u00e7 m\u0131, \u00e7ift ma\u00e7 m\u0131? \u015eampiyonlar Ligi yar\u0131 final ma\u00e7lar\u0131 r\u00f6van\u015f\u0131 var m\u0131?"},"content":{"rendered":"<p>\u015eampiyonlar Ligi bu hafta yar\u0131 final ma\u00e7lar\u0131 ile nefesleri kesecek. Devler Ligi&#x27;nde ekipler \u015fampiyonluk yolunda sahada olacak. Devler ligi yar\u0131 final ma\u00e7\u0131nda PSG, Bayern M\u00fcnih&#x27;i a\u011f\u0131rlayacak. Di\u011fer ma\u00e7ta ise Atletico Madrid ise Arsenal ile kozlar\u0131n\u0131 payla\u015facak. \u015eampiyonlar Ligi yar\u0131 final etab\u0131nda r\u00f6van\u015f ma\u00e7lar\u0131 olup olmad\u0131\u011f\u0131 merak ediliyor. Peki \u015eampiyonlar Ligi yar\u0131 final tek ma\u00e7 m\u0131, \u00e7ift ma\u00e7 m\u0131? \u0130\u015fte ayr\u0131nt\u0131lar&#8230;<\/p>\n<p>\u015eampiyonlar Ligi yar\u0131 final m\u00fcsabakalar\u0131 \u00e7ift ma\u00e7l\u0131 eliminasyon sistemiyle oynanacak.<\/p>\n<p>28 Nisan Sal\u0131 22:00 PSG &#8211; Bayern M\u00fcnih 29 Nisan \u00c7ar\u015famba 22:00 Atletico Madrid &#8211; Arsenal<\/p>\n<p>28 Nisan Sal\u0131<\/p>\n<p>22:00 PSG &#8211; Bayern M\u00fcnih<\/p>\n<p>29 Nisan \u00c7ar\u015famba<\/p>\n<p>22:00 Atletico Madrid &#8211; Arsenal<\/p>\n<p>T\u00fcrkiye&#x27;den ve D\u00fcnya\u2019dan son dakika haberleri, k\u00f6\u015fe yaz\u0131lar\u0131, magazinden siyasete, spordan seyahate b\u00fct\u00fcn konular\u0131n tek adresi Hurriyet.com.tr haber i\u00e7erikleri izin al\u0131nmadan, kaynak g\u00f6sterilerek dahi iktibas edilemez. Kanuna ayk\u0131r\u0131 ve izinsiz olarak kopyalanamaz, ba\u015fka yerde yay\u0131nlanamaz.<\/p>\n","protected":false},"excerpt":{"rendered":"<p>\u015eampiyonlar Ligi yar\u0131 final etab\u0131, 2 dev m\u00fccadeleye sahne olacak. Fransa ekibi Paris Saint-Germain, Alman temsilcisi Bayern M\u00fcnih&#8217;i a\u011f\u0131rlayacak. Di\u011fer bir&#8230;<\/p>\n","protected":false},"author":2,"featured_media":30051,"comment_status":"open","ping_status":"open","sticky":false,"template":"","format":"standard","meta":{"footnotes":""},"categories":[8,5,7],"tags":[],"class_list":["post-30052","post","type-post","status-publish","format-standard","has-post-thumbnail","hentry","category-arsiv","category-son-dakika","category-spor"],"_links":{"self":[{"href":"https:\/\/eskigazeteci.com\/index.php?rest_route=\/wp\/v2\/posts\/30052","targetHints":{"allow":["GET"]}}],"collection":[{"href":"https:\/\/eskigazeteci.com\/index.php?rest_route=\/wp\/v2\/posts"}],"about":[{"href":"https:\/\/eskigazeteci.com\/index.php?rest_route=\/wp\/v2\/types\/post"}],"author":[{"embeddable":true,"href":"https:\/\/eskigazeteci.com\/index.php?rest_route=\/wp\/v2\/users\/2"}],"replies":[{"embeddable":true,"href":"https:\/\/eskigazeteci.com\/index.php?rest_route=%2Fwp%2Fv2%2Fcomments&post=30052"}],"version-history":[{"count":0,"href":"https:\/\/eskigazeteci.com\/index.php?rest_route=\/wp\/v2\/posts\/30052\/revisions"}],"wp:featuredmedia":[{"embeddable":true,"href":"https:\/\/eskigazeteci.com\/index.php?rest_route=\/wp\/v2\/media\/30051"}],"wp:attachment":[{"href":"https:\/\/eskigazeteci.com\/index.php?rest_route=%2Fwp%2Fv2%2Fmedia&parent=30052"}],"wp:term":[{"taxonomy":"category","embeddable":true,"href":"https:\/\/eskigazeteci.com\/index.php?rest_route=%2Fwp%2Fv2%2Fcategories&post=30052"},{"taxonomy":"post_tag","embeddable":true,"href":"https:\/\/eskigazeteci.com\/index.php?rest_route=%2Fwp%2Fv2%2Ftags&post=30052"}],"curies":[{"name":"wp","href":"https:\/\/api.w.org\/{rel}","templated":true}]}}