{"id":30048,"date":"2026-04-28T12:35:16","date_gmt":"2026-04-28T12:35:16","guid":{"rendered":"https:\/\/eskigazeteci.com\/?p=30048"},"modified":"2026-04-28T12:35:16","modified_gmt":"2026-04-28T12:35:16","slug":"el-nino-ne-zaman-baslayacak-2026-el-nino-sicaklari-nereleri-etkileyecek","status":"publish","type":"post","link":"https:\/\/eskigazeteci.com\/?p=30048","title":{"rendered":"El Nino ne zaman ba\u015flayacak 2026? El Nino s\u0131caklar\u0131 nereleri etkileyecek?"},"content":{"rendered":"<p>2026 yaz\u0131, El Nino&#x27;nun &quot;s\u0131cak y\u00fcz\u00fcn\u00fc&quot; g\u00f6rmeye ba\u015flayaca\u011f\u0131m\u0131z bir y\u0131l olacak gibi duruyor. 2027 ise d\u00fcnya genelinde tarihin en s\u0131cak y\u0131l\u0131 olmaya aday g\u00f6r\u00fcn\u00fcyor. Peki, 2026 El Nino ne zaman ba\u015flayacak, el nino s\u0131caklar\u0131 nereleri etkileyecek? \u0130\u015fte merak edilen detaylar&#8230;<\/p>\n<p>2026 yaz\u0131, El Nino&#x27;nun &quot;s\u0131cak y\u00fcz\u00fcn\u00fc&quot; g\u00f6rmeye ba\u015flayaca\u011f\u0131m\u0131z bir y\u0131l olacak gibi duruyor. 2027 ise d\u00fcnya genelinde tarihin en s\u0131cak y\u0131l\u0131 olmaya aday g\u00f6r\u00fcn\u00fcyor. Peki, 2026 El Nino ne zaman ba\u015flayacak, el nino s\u0131caklar\u0131 nereleri etkileyecek? \u0130\u015fte merak edilen detaylar&#8230;<\/p>\n<p>D\u00fcnya Meteoroloji \u00d6rg\u00fct\u00fc (WMO) ve NOAA (Ulusal Okyanus ve Atmosfer \u0130daresi) verilerine g\u00f6re; Ba\u015flang\u0131\u00e7: 2026 y\u0131l\u0131n\u0131n ikinci yar\u0131s\u0131ndan (Haziran-Temmuz) itibaren etkisini g\u00f6stermeye ba\u015flamas\u0131 bekleniyor. Zirve Noktas\u0131: Uzmanlar, bu olay\u0131n 2026 sonu ile 2027 ba\u015f\u0131 (Kas\u0131m-Ocak d\u00f6nemi) aras\u0131nda zirve yapaca\u011f\u0131n\u0131 \u00f6ng\u00f6r\u00fcyor.<\/p>\n<p>D\u00fcnya Meteoroloji \u00d6rg\u00fct\u00fc (WMO) ve NOAA (Ulusal Okyanus ve Atmosfer \u0130daresi) verilerine g\u00f6re;<\/p>\n<p>Ba\u015flang\u0131\u00e7: 2026 y\u0131l\u0131n\u0131n ikinci yar\u0131s\u0131ndan (Haziran-Temmuz) itibaren etkisini g\u00f6stermeye ba\u015flamas\u0131 bekleniyor.<\/p>\n<p>Zirve Noktas\u0131: Uzmanlar, bu olay\u0131n 2026 sonu ile 2027 ba\u015f\u0131 (Kas\u0131m-Ocak d\u00f6nemi) aras\u0131nda zirve yapaca\u011f\u0131n\u0131 \u00f6ng\u00f6r\u00fcyor.<\/p>\n<p>S\u00fcper El Nino&#8230;<\/p>\n","protected":false},"excerpt":{"rendered":"<p>El Nino s\u0131caklar\u0131 olarak adland\u0131r\u0131lan kavurucu s\u0131caklar, havalar\u0131n \u0131s\u0131nmas\u0131yla birlikte ara\u015ft\u0131rmalar aras\u0131nda yer al\u0131yor. El Nino, en basit tabiriyle Pasifik&#8230;<\/p>\n","protected":false},"author":2,"featured_media":30047,"comment_status":"open","ping_status":"open","sticky":false,"template":"","format":"standard","meta":{"footnotes":""},"categories":[8,6,5],"tags":[],"class_list":["post-30048","post","type-post","status-publish","format-standard","has-post-thumbnail","hentry","category-arsiv","category-gundem","category-son-dakika"],"_links":{"self":[{"href":"https:\/\/eskigazeteci.com\/index.php?rest_route=\/wp\/v2\/posts\/30048","targetHints":{"allow":["GET"]}}],"collection":[{"href":"https:\/\/eskigazeteci.com\/index.php?rest_route=\/wp\/v2\/posts"}],"about":[{"href":"https:\/\/eskigazeteci.com\/index.php?rest_route=\/wp\/v2\/types\/post"}],"author":[{"embeddable":true,"href":"https:\/\/eskigazeteci.com\/index.php?rest_route=\/wp\/v2\/users\/2"}],"replies":[{"embeddable":true,"href":"https:\/\/eskigazeteci.com\/index.php?rest_route=%2Fwp%2Fv2%2Fcomments&post=30048"}],"version-history":[{"count":0,"href":"https:\/\/eskigazeteci.com\/index.php?rest_route=\/wp\/v2\/posts\/30048\/revisions"}],"wp:featuredmedia":[{"embeddable":true,"href":"https:\/\/eskigazeteci.com\/index.php?rest_route=\/wp\/v2\/media\/30047"}],"wp:attachment":[{"href":"https:\/\/eskigazeteci.com\/index.php?rest_route=%2Fwp%2Fv2%2Fmedia&parent=30048"}],"wp:term":[{"taxonomy":"category","embeddable":true,"href":"https:\/\/eskigazeteci.com\/index.php?rest_route=%2Fwp%2Fv2%2Fcategories&post=30048"},{"taxonomy":"post_tag","embeddable":true,"href":"https:\/\/eskigazeteci.com\/index.php?rest_route=%2Fwp%2Fv2%2Ftags&post=30048"}],"curies":[{"name":"wp","href":"https:\/\/api.w.org\/{rel}","templated":true}]}}