{"id":30044,"date":"2026-04-28T12:26:49","date_gmt":"2026-04-28T12:26:49","guid":{"rendered":"https:\/\/eskigazeteci.com\/?p=30044"},"modified":"2026-04-28T12:26:49","modified_gmt":"2026-04-28T12:26:49","slug":"disisleri-bakani-hakan-fidan-avusturyaya-gidecek","status":"publish","type":"post","link":"https:\/\/eskigazeteci.com\/?p=30044","title":{"rendered":"D\u0131\u015fi\u015fleri Bakan\u0131 Hakan Fidan Avusturya&#8217;ya gidecek"},"content":{"rendered":"<p>D\u0131\u015fi\u015fleri Bakanl\u0131\u011f\u0131 kaynaklar\u0131ndan edinilen bilgiye g\u00f6re, Fidan, 29-30 Nisan&#x27;da Avusturya&#x27;ya yapaca\u011f\u0131 ziyarette, Avusturya Federal Avrupa ve Uluslararas\u0131 \u0130\u015fler Bakan\u0131 Meinl-Reisinger ile g\u00f6r\u00fc\u015fecek.<\/p>\n<p>Bakan Fidan\u2019\u0131n ziyaret kapsam\u0131nda Avusturya Ba\u015fbakan\u0131 Christian Stocker taraf\u0131ndan kabul edilmesi, AG\u0130T Genel Sekreteri Feridun Sinirlio\u011flu ile g\u00f6r\u00fc\u015fmesi, Viyana Diplomasi Akademisi\u2019nde d\u00fczenlenecek konferansta hitapta bulunmas\u0131 ve T\u00fcrk sivil toplum kurulu\u015flar\u0131n\u0131n temsilcileriyle bir araya gelmesi \u00f6ng\u00f6r\u00fcl\u00fcyor.<\/p>\n<p>Fidan\u2019\u0131n ziyaret kapsam\u0131nda Avusturyal\u0131 yetkililerle ger\u00e7ekle\u015ftirece\u011fi g\u00f6r\u00fc\u015fmelerde, T\u00fcrkiye ile Avusturya aras\u0131ndaki ikili ili\u015fkileri siyasi, ekonomik, ticari, askeri, k\u00fclt\u00fcrel ve be\u015feri boyutlar\u0131yla b\u00fct\u00fcnc\u00fcl bir yakla\u015f\u0131mla ele almas\u0131 ve mevcut i\u015fbirli\u011fi alanlar\u0131n\u0131n daha da derinle\u015ftirilmesine y\u00f6nelik imkanlar\u0131 de\u011ferlendirmesi, iki \u00fclke aras\u0131ndaki ticari ve ekonomik ili\u015fkilerin \u00e7e\u015fitlendirilmesi, ticaret hacminin art\u0131r\u0131lmas\u0131 ile kar\u015f\u0131l\u0131kl\u0131 yat\u0131r\u0131mlar\u0131n te\u015fvik edilmesine y\u00f6nelik mevcut potansiyele ve f\u0131rsatlara dikkati \u00e7ekmesinin yan\u0131 s\u0131ra Avusturya ile enerji, dijitalle\u015fme, ba\u011flant\u0131sall\u0131k ve savunma sanayisi ba\u015fta olmak \u00fczere stratejik nitelik ta\u015f\u0131yan alanlarda i\u015fbirli\u011fi&#8230;<\/p>\n","protected":false},"excerpt":{"rendered":"<p>D\u0131\u015fi\u015fleri Bakan\u0131 Hakan Fidan, 29-30 Nisan&#8217;da Avusturya\u2019ya resmi ziyarette bulunarak Avusturya Federal Avrupa ve Uluslararas\u0131 \u0130\u015fler Bakan\u0131 Meinl-Reisinger ile&#8230;<\/p>\n","protected":false},"author":2,"featured_media":30043,"comment_status":"open","ping_status":"open","sticky":false,"template":"","format":"standard","meta":{"footnotes":""},"categories":[8,6,5],"tags":[],"class_list":["post-30044","post","type-post","status-publish","format-standard","has-post-thumbnail","hentry","category-arsiv","category-gundem","category-son-dakika"],"_links":{"self":[{"href":"https:\/\/eskigazeteci.com\/index.php?rest_route=\/wp\/v2\/posts\/30044","targetHints":{"allow":["GET"]}}],"collection":[{"href":"https:\/\/eskigazeteci.com\/index.php?rest_route=\/wp\/v2\/posts"}],"about":[{"href":"https:\/\/eskigazeteci.com\/index.php?rest_route=\/wp\/v2\/types\/post"}],"author":[{"embeddable":true,"href":"https:\/\/eskigazeteci.com\/index.php?rest_route=\/wp\/v2\/users\/2"}],"replies":[{"embeddable":true,"href":"https:\/\/eskigazeteci.com\/index.php?rest_route=%2Fwp%2Fv2%2Fcomments&post=30044"}],"version-history":[{"count":0,"href":"https:\/\/eskigazeteci.com\/index.php?rest_route=\/wp\/v2\/posts\/30044\/revisions"}],"wp:featuredmedia":[{"embeddable":true,"href":"https:\/\/eskigazeteci.com\/index.php?rest_route=\/wp\/v2\/media\/30043"}],"wp:attachment":[{"href":"https:\/\/eskigazeteci.com\/index.php?rest_route=%2Fwp%2Fv2%2Fmedia&parent=30044"}],"wp:term":[{"taxonomy":"category","embeddable":true,"href":"https:\/\/eskigazeteci.com\/index.php?rest_route=%2Fwp%2Fv2%2Fcategories&post=30044"},{"taxonomy":"post_tag","embeddable":true,"href":"https:\/\/eskigazeteci.com\/index.php?rest_route=%2Fwp%2Fv2%2Ftags&post=30044"}],"curies":[{"name":"wp","href":"https:\/\/api.w.org\/{rel}","templated":true}]}}