{"id":30042,"date":"2026-04-28T12:25:14","date_gmt":"2026-04-28T12:25:14","guid":{"rendered":"https:\/\/eskigazeteci.com\/?p=30042"},"modified":"2026-04-28T12:25:14","modified_gmt":"2026-04-28T12:25:14","slug":"fenerbahceli-futbolcular-tedescoya-veda-etti","status":"publish","type":"post","link":"https:\/\/eskigazeteci.com\/?p=30042","title":{"rendered":"Fenerbah\u00e7eli futbolcular Tedesco\u2019ya veda etti!"},"content":{"rendered":"<p>Fenerbah\u00e7eli futbolcular, g\u00f6revinden al\u0131nan teknik direkt\u00f6r Domenico Tedesco &#x27;ya veda etti.<\/p>\n<p>Marco Asensio: &quot;Sizinle \u00e7al\u0131\u015fmak bir zevkti. Gelecekte size en iyi kalmay\u0131 sunuyorum. Te\u015fekk\u00fcr ederim!&quot;<\/p>\n<p>Milan Skriniar: &quot;Her \u015fey i\u00e7in minnettar\u0131m, hocam.Sana ve ekibine ba\u015far\u0131lar!&quot;<\/p>\n<p>Kerem Akt\u00fcrko\u011flu: &quot;Yolunuz a\u00e7\u0131k olsun. Her \u015fey i\u00e7in te\u015fekk\u00fcrler hocam.&quot;<\/p>\n<p>Anderson Talisca: &quot;Her \u015fey i\u00e7in te\u015fekk\u00fcr ederim. Sizden \u00e7ok \u015fey \u00f6\u011frendi. Muhte\u015fem bir insans\u0131n\u0131z.&quot;<\/p>\n<p>Antony Musaba: &quot;Her \u015fey i\u00e7in te\u015fekk\u00fcrler patron. Senin oyuncular\u0131ndan biri olmak bir onurdu.&quot;<\/p>\n<p>T\u00fcrkiye&#x27;den ve D\u00fcnya\u2019dan son dakika haberleri, k\u00f6\u015fe yaz\u0131lar\u0131, magazinden siyasete, spordan seyahate b\u00fct\u00fcn konular\u0131n tek adresi Hurriyet.com.tr haber i\u00e7erikleri izin al\u0131nmadan, kaynak g\u00f6sterilerek dahi iktibas edilemez. Kanuna ayk\u0131r\u0131 ve izinsiz olarak kopyalanamaz, ba\u015fka yerde yay\u0131nlanamaz.<\/p>\n","protected":false},"excerpt":{"rendered":"<p>Fenerbah\u00e7e&#8217;de teknik direkt\u00f6r Domenico Tedesco ile yollar\u0131n ayr\u0131lmas\u0131 sonras\u0131 sar\u0131-lacivertli futbolcular veda payla\u015f\u0131m\u0131nda bulundu.<\/p>\n","protected":false},"author":2,"featured_media":30041,"comment_status":"open","ping_status":"open","sticky":false,"template":"","format":"standard","meta":{"footnotes":""},"categories":[8,5,7],"tags":[],"class_list":["post-30042","post","type-post","status-publish","format-standard","has-post-thumbnail","hentry","category-arsiv","category-son-dakika","category-spor"],"_links":{"self":[{"href":"https:\/\/eskigazeteci.com\/index.php?rest_route=\/wp\/v2\/posts\/30042","targetHints":{"allow":["GET"]}}],"collection":[{"href":"https:\/\/eskigazeteci.com\/index.php?rest_route=\/wp\/v2\/posts"}],"about":[{"href":"https:\/\/eskigazeteci.com\/index.php?rest_route=\/wp\/v2\/types\/post"}],"author":[{"embeddable":true,"href":"https:\/\/eskigazeteci.com\/index.php?rest_route=\/wp\/v2\/users\/2"}],"replies":[{"embeddable":true,"href":"https:\/\/eskigazeteci.com\/index.php?rest_route=%2Fwp%2Fv2%2Fcomments&post=30042"}],"version-history":[{"count":0,"href":"https:\/\/eskigazeteci.com\/index.php?rest_route=\/wp\/v2\/posts\/30042\/revisions"}],"wp:featuredmedia":[{"embeddable":true,"href":"https:\/\/eskigazeteci.com\/index.php?rest_route=\/wp\/v2\/media\/30041"}],"wp:attachment":[{"href":"https:\/\/eskigazeteci.com\/index.php?rest_route=%2Fwp%2Fv2%2Fmedia&parent=30042"}],"wp:term":[{"taxonomy":"category","embeddable":true,"href":"https:\/\/eskigazeteci.com\/index.php?rest_route=%2Fwp%2Fv2%2Fcategories&post=30042"},{"taxonomy":"post_tag","embeddable":true,"href":"https:\/\/eskigazeteci.com\/index.php?rest_route=%2Fwp%2Fv2%2Ftags&post=30042"}],"curies":[{"name":"wp","href":"https:\/\/api.w.org\/{rel}","templated":true}]}}