{"id":30040,"date":"2026-04-28T12:09:49","date_gmt":"2026-04-28T12:09:49","guid":{"rendered":"https:\/\/eskigazeteci.com\/?p=30040"},"modified":"2026-04-28T12:09:49","modified_gmt":"2026-04-28T12:09:49","slug":"cumhurbaskani-erdogan-anayasa-mahkemesi-64-kurulus-donumunu-temsil-ediyor","status":"publish","type":"post","link":"https:\/\/eskigazeteci.com\/?p=30040","title":{"rendered":"Cumhurba\u015fkan\u0131 Erdo\u011fan, Anayasa Mahkemesi 64. Kurulu\u015f D\u00f6n\u00fcm\u00fcn\u00fc Temsil ediyor"},"content":{"rendered":"<p>Cumhuriyetin liderlerinden biri olan Recep Tayyip Erdo\u011fan, Anayasa Mahkemesi&#x27;nin 64. Kurulu\u015f D\u00f6n\u00fcm\u00fcn\u00fc Temsil ederken Ankara&#x27;ya geldi. Bu t\u00f6ren, Ant \u0130\u00e7me Hizmetleri ile ortak olarak d\u00fczenlenen ve T\u00fcrkiye&#x27;deki etki alan\u0131nda \u00f6nemli bir rol oynayan bir tarihe i\u015faret ediyor.<\/p>\n","protected":false},"excerpt":{"rendered":"<p>Recep Tayyip Erdo\u011fan Cumhuriyeti Cumartesi g\u00fcn\u00fc Ankara&#8217;da d\u00fczenlenen t\u00f6rene kat\u0131l\u0131yor.<\/p>\n","protected":false},"author":2,"featured_media":30039,"comment_status":"open","ping_status":"open","sticky":false,"template":"","format":"standard","meta":{"footnotes":""},"categories":[8,6,5],"tags":[],"class_list":["post-30040","post","type-post","status-publish","format-standard","has-post-thumbnail","hentry","category-arsiv","category-gundem","category-son-dakika"],"_links":{"self":[{"href":"https:\/\/eskigazeteci.com\/index.php?rest_route=\/wp\/v2\/posts\/30040","targetHints":{"allow":["GET"]}}],"collection":[{"href":"https:\/\/eskigazeteci.com\/index.php?rest_route=\/wp\/v2\/posts"}],"about":[{"href":"https:\/\/eskigazeteci.com\/index.php?rest_route=\/wp\/v2\/types\/post"}],"author":[{"embeddable":true,"href":"https:\/\/eskigazeteci.com\/index.php?rest_route=\/wp\/v2\/users\/2"}],"replies":[{"embeddable":true,"href":"https:\/\/eskigazeteci.com\/index.php?rest_route=%2Fwp%2Fv2%2Fcomments&post=30040"}],"version-history":[{"count":0,"href":"https:\/\/eskigazeteci.com\/index.php?rest_route=\/wp\/v2\/posts\/30040\/revisions"}],"wp:featuredmedia":[{"embeddable":true,"href":"https:\/\/eskigazeteci.com\/index.php?rest_route=\/wp\/v2\/media\/30039"}],"wp:attachment":[{"href":"https:\/\/eskigazeteci.com\/index.php?rest_route=%2Fwp%2Fv2%2Fmedia&parent=30040"}],"wp:term":[{"taxonomy":"category","embeddable":true,"href":"https:\/\/eskigazeteci.com\/index.php?rest_route=%2Fwp%2Fv2%2Fcategories&post=30040"},{"taxonomy":"post_tag","embeddable":true,"href":"https:\/\/eskigazeteci.com\/index.php?rest_route=%2Fwp%2Fv2%2Ftags&post=30040"}],"curies":[{"name":"wp","href":"https:\/\/api.w.org\/{rel}","templated":true}]}}