{"id":30038,"date":"2026-04-28T12:08:18","date_gmt":"2026-04-28T12:08:18","guid":{"rendered":"https:\/\/eskigazeteci.com\/?p=30038"},"modified":"2026-04-28T12:08:18","modified_gmt":"2026-04-28T12:08:18","slug":"ingilizler-duyurdu-arsenal-derbide-osimheni-tribunden-izledi-bes-yillik-maliyeti-200-milyon-sterlini-bulabilir","status":"publish","type":"post","link":"https:\/\/eskigazeteci.com\/?p=30038","title":{"rendered":"\u0130ngilizler duyurdu: Arsenal derbide Osimhen&#8217;i trib\u00fcnden izledi! &#8216;Be\u015f y\u0131ll\u0131k maliyeti 200 milyon sterlini bulabilir&#8217;"},"content":{"rendered":"<p>\u0130ngiltere Premier Lig&#x27;de bitime 4 hafta kala 73 puana sahip olan Arsenal liderli\u011fini s\u00fcrd\u00fcr\u00fcrken, bir ma\u00e7\u0131 eksik olan Manchester City ise 70 puanla ikinci s\u0131rada yer al\u0131yor.<\/p>\n<p>Mikel Arteta y\u00f6netimindeki Arsenal bir yandan 22 senelik \u015fampiyonluk \u00f6zlemine son vermeye \u00e7al\u0131\u015f\u0131rken di\u011fer yandan da gelecek sezonun kadro planlamas\u0131 \u00e7er\u00e7evesinde transfer \u00e7al\u0131\u015fmalar\u0131na h\u0131z verdi.<\/p>\n<p>DERB\u0130DE OSIMHEN&#x27;\u0130 \u0130ZLED\u0130LER!<\/p>\n<p>\u0130ngiliz bas\u0131n\u0131ndan Mirror&#x27;un haberine g\u00f6re; Arsenal Sportif Direkt\u00f6r\u00fc Andrea Berta ve K\u0131rm\u0131z\u0131-beyazl\u0131 kul\u00fcb\u00fcn transfer sorumlusu Maurizio Micheli, hafta sonundan RAMS Park&#x27;ta Galatasaray &#x27;\u0131n Fenerbah\u00e7e &#x27;yi 3-0 yendi\u011fi ma\u00e7\u0131 trib\u00fcnden takip etti.<\/p>\n<p>GARDI&#x27;NIN DAVET\u0130YLE GELD\u0130LER<\/p>\n<p>Haberde \u0130talyan ikilinin ba\u015fta Torreira, Icardi, Sane ve Osimhen&#x27;in Galatasaray&#x27;a transferlerinde b\u00fcy\u00fck rol oynayan vatanda\u015flar\u0131 menajer George Gardi&#x27;nin davetiyle \u0130stanbul&#x27;a geldikleri ancak kul\u00fcbe yak\u0131n kaynaklar\u0131n seyahatin ard\u0131ndaki gerek\u00e7eyi a\u00e7\u0131klamay\u0131 reddetti\u011fi belirtildi.<\/p>\n<p>&quot;GALATASARAY&#x27;IN 100 M\u0130LYON STERL\u0130N TALEP ETMES\u0130 MUHTEMEL&quot;<\/p>\n<p>\u0130ngiliz bas\u0131n\u0131nda Arsenal&#x27;in yaz transfer d\u00f6neminde Victor Osimhen i\u00e7in Galatasaray&#x27;\u0131n kap\u0131s\u0131n\u0131 \u00e7alaca\u011f\u0131 iddia edilirken, Four Four Two bu iddialar\u0131 bir ad\u0131m \u00f6deye ta\u015f\u0131d\u0131 ve&#8230;<\/p>\n","protected":false},"excerpt":{"rendered":"<p>Premier Lig&#8217;de \u015fampiyonlu\u011fa ko\u015fan Arsenal&#8217;de Sportif Direkt\u00f6r Andrea Berta ve transfer sorumlusu Maurizio Micheli, Fenerbah\u00e7e ile oynanan derbi ma\u00e7ta&#8230;<\/p>\n","protected":false},"author":2,"featured_media":30037,"comment_status":"open","ping_status":"open","sticky":false,"template":"","format":"standard","meta":{"footnotes":""},"categories":[8,5,7],"tags":[],"class_list":["post-30038","post","type-post","status-publish","format-standard","has-post-thumbnail","hentry","category-arsiv","category-son-dakika","category-spor"],"_links":{"self":[{"href":"https:\/\/eskigazeteci.com\/index.php?rest_route=\/wp\/v2\/posts\/30038","targetHints":{"allow":["GET"]}}],"collection":[{"href":"https:\/\/eskigazeteci.com\/index.php?rest_route=\/wp\/v2\/posts"}],"about":[{"href":"https:\/\/eskigazeteci.com\/index.php?rest_route=\/wp\/v2\/types\/post"}],"author":[{"embeddable":true,"href":"https:\/\/eskigazeteci.com\/index.php?rest_route=\/wp\/v2\/users\/2"}],"replies":[{"embeddable":true,"href":"https:\/\/eskigazeteci.com\/index.php?rest_route=%2Fwp%2Fv2%2Fcomments&post=30038"}],"version-history":[{"count":0,"href":"https:\/\/eskigazeteci.com\/index.php?rest_route=\/wp\/v2\/posts\/30038\/revisions"}],"wp:featuredmedia":[{"embeddable":true,"href":"https:\/\/eskigazeteci.com\/index.php?rest_route=\/wp\/v2\/media\/30037"}],"wp:attachment":[{"href":"https:\/\/eskigazeteci.com\/index.php?rest_route=%2Fwp%2Fv2%2Fmedia&parent=30038"}],"wp:term":[{"taxonomy":"category","embeddable":true,"href":"https:\/\/eskigazeteci.com\/index.php?rest_route=%2Fwp%2Fv2%2Fcategories&post=30038"},{"taxonomy":"post_tag","embeddable":true,"href":"https:\/\/eskigazeteci.com\/index.php?rest_route=%2Fwp%2Fv2%2Ftags&post=30038"}],"curies":[{"name":"wp","href":"https:\/\/api.w.org\/{rel}","templated":true}]}}