{"id":30036,"date":"2026-04-28T12:06:46","date_gmt":"2026-04-28T12:06:46","guid":{"rendered":"https:\/\/eskigazeteci.com\/?p=30036"},"modified":"2026-04-28T12:06:46","modified_gmt":"2026-04-28T12:06:46","slug":"domenico-tedesco-fenerbahce-ayriligi-sonrasi-ilk-kez-konustu-sozlesme-uzatilmasini-konusuyorduk","status":"publish","type":"post","link":"https:\/\/eskigazeteci.com\/?p=30036","title":{"rendered":"Domenico Tedesco, Fenerbah\u00e7e ayr\u0131l\u0131\u011f\u0131 sonras\u0131 ilk kez konu\u015ftu! &#8216;S\u00f6zle\u015fme uzat\u0131lmas\u0131n\u0131 konu\u015fuyorduk&#8230;&#8217;"},"content":{"rendered":"<p>Galatasaray &#x27;a kaybedilen derbi sonras\u0131 Fenerbah\u00e7e &#x27;nin yollar\u0131n\u0131 ay\u0131rd\u0131\u011f\u0131 teknik direkt\u00f6r Domenico Tedesco , Alman haber ajans\u0131 dpa&#x27;ya konu\u015ftu.<\/p>\n<p>TEDESCO AYRILIK SONRASI \u0130LK KEZ KONU\u015eTU<\/p>\n<p>Derbi yenilgisiyle lider Galatasaray&#x27;\u0131n 7 puan gerisine d\u00fc\u015fen sar\u0131-lacivertli kul\u00fcp, teknik direkt\u00f6r\u00fc Tedesco&#x27;yu g\u00f6revden ald\u0131. Alman teknik adam ayr\u0131l\u0131k sonras\u0131 ilk kez konu\u015ftu.<\/p>\n<p>&#x27;S\u00d6ZLE\u015eME UZATILMASINI G\u00d6R\u00dc\u015e\u00dcYORDUK!&#x27;<\/p>\n<p>Tedesco, \u201cK\u0131sa s\u00fcre \u00f6nce s\u00f6zle\u015fmemizin erken uzat\u0131lmas\u0131n\u0131 g\u00f6r\u00fc\u015f\u00fcyorduk. \u015eimdi ise, bu sezon ligdeki ikinci ma\u011flubiyetin ard\u0131ndan yollar\u0131m\u0131z ayr\u0131l\u0131yor. Bu futbolun ne kadar h\u0131zl\u0131 bir spor haline geldi\u011fini bir kez daha g\u00f6steriyor\u201d dedi.<\/p>\n<p>&#x27;HEDEF S\u00dcRD\u00dcR\u00dcLEB\u0130L\u0130R B\u0130R YAPI OLU\u015eTURMAKTI&#x27;<\/p>\n<p>Tak\u0131mla gelecek planlar\u0131n\u0131n oldu\u011fundan bahseden 40 ya\u015f\u0131ndaki teknik adam, \u201cBa\u015flad\u0131\u011f\u0131mda hedefimiz, birlikte s\u00fcrd\u00fcr\u00fclebilir bir yap\u0131 olu\u015fturmakt\u0131. \u0130\u015flere, belki de ge\u00e7mi\u015fte al\u0131\u015f\u0131lm\u0131\u015f olandan biraz farkl\u0131 bir yakla\u015f\u0131m sergilemek istedik.\u201d ifadelerini kulland\u0131.<\/p>\n<p>EYL\u00dcL AYINDA MOURINHO YER\u0130NE GELM\u0130\u015eT\u0130<\/p>\n<p>Tedesco, ge\u00e7en Eyl\u00fcl ay\u0131nda be\u015finci ma\u00e7 haftas\u0131nda Jos\u00e9 Mourinho&#x27;nun yerine Fenerbah\u00e7e&#x27;nin teknik direkt\u00f6rl\u00fc\u011f\u00fcn\u00fc devralm\u0131\u015ft\u0131. Bundan \u00f6nce, \u015eubat 2023&#x27;ten Ocak 2025&#x27;e kadar Bel\u00e7ika milli tak\u0131m\u0131n\u0131n ba\u015f\u0131nda&#8230;<\/p>\n","protected":false},"excerpt":{"rendered":"<p>Fenerbah\u00e7e&#8217;nin yollar\u0131n\u0131 ay\u0131rd\u0131\u011f\u0131 teknik direkt\u00f6r Domenico Tedesco, veda sonras\u0131 ilk kez konu\u015ftu.<\/p>\n","protected":false},"author":2,"featured_media":30035,"comment_status":"open","ping_status":"open","sticky":false,"template":"","format":"standard","meta":{"footnotes":""},"categories":[8,5,7],"tags":[],"class_list":["post-30036","post","type-post","status-publish","format-standard","has-post-thumbnail","hentry","category-arsiv","category-son-dakika","category-spor"],"_links":{"self":[{"href":"https:\/\/eskigazeteci.com\/index.php?rest_route=\/wp\/v2\/posts\/30036","targetHints":{"allow":["GET"]}}],"collection":[{"href":"https:\/\/eskigazeteci.com\/index.php?rest_route=\/wp\/v2\/posts"}],"about":[{"href":"https:\/\/eskigazeteci.com\/index.php?rest_route=\/wp\/v2\/types\/post"}],"author":[{"embeddable":true,"href":"https:\/\/eskigazeteci.com\/index.php?rest_route=\/wp\/v2\/users\/2"}],"replies":[{"embeddable":true,"href":"https:\/\/eskigazeteci.com\/index.php?rest_route=%2Fwp%2Fv2%2Fcomments&post=30036"}],"version-history":[{"count":0,"href":"https:\/\/eskigazeteci.com\/index.php?rest_route=\/wp\/v2\/posts\/30036\/revisions"}],"wp:featuredmedia":[{"embeddable":true,"href":"https:\/\/eskigazeteci.com\/index.php?rest_route=\/wp\/v2\/media\/30035"}],"wp:attachment":[{"href":"https:\/\/eskigazeteci.com\/index.php?rest_route=%2Fwp%2Fv2%2Fmedia&parent=30036"}],"wp:term":[{"taxonomy":"category","embeddable":true,"href":"https:\/\/eskigazeteci.com\/index.php?rest_route=%2Fwp%2Fv2%2Fcategories&post=30036"},{"taxonomy":"post_tag","embeddable":true,"href":"https:\/\/eskigazeteci.com\/index.php?rest_route=%2Fwp%2Fv2%2Ftags&post=30036"}],"curies":[{"name":"wp","href":"https:\/\/api.w.org\/{rel}","templated":true}]}}