{"id":30034,"date":"2026-04-28T12:05:14","date_gmt":"2026-04-28T12:05:14","guid":{"rendered":"https:\/\/eskigazeteci.com\/?p=30034"},"modified":"2026-04-28T12:05:14","modified_gmt":"2026-04-28T12:05:14","slug":"ata-aof-sinav-takvimi-2026","status":"publish","type":"post","link":"https:\/\/eskigazeteci.com\/?p=30034","title":{"rendered":"ATA A\u00d6F SINAV TAKV\u0130M\u0130 2026"},"content":{"rendered":"<p>ATA A\u00d6F final s\u0131nav\u0131 tarihi i\u00e7in \u00f6\u011frencilerin geri say\u0131m\u0131 ba\u015flad\u0131. ATA A\u00d6F vizeleri ge\u00e7ti\u011fimiz haftalarda tamamland\u0131. May\u0131s ay\u0131n\u0131n da gelmesiyle Lisans ve \u00f6n lisans e\u011fitimlerini a\u00e7\u0131ktan devam ettiren \u00f6\u011frenciler, ATA A\u00d6F s\u0131nav takvimine odakland\u0131. S\u0131nav \u00f6ncesi ATA A\u00d6F s\u0131nav yerleri obs.atauni.edu.tr giri\u015f ekran\u0131 \u00fczerinden \u00f6\u011frenilebilecek. Peki ATA A\u00d6F final s\u0131nav\u0131 ne zaman yap\u0131lacak?<\/p>\n<p>ATA A\u00d6F bahar yar\u0131y\u0131l\u0131 final s\u0131navlar\u0131 13-14 Haziran tarihlerinde yap\u0131lacak. Yar\u0131y\u0131l sonu s\u0131navlar\u0131 oturum saatleri de \u015fu \u015fekilde;<\/p>\n<p>I.Oturum:13 Haziran 2026 15:00 II.Oturum:14 Haziran 2026 09:30 III.Oturum:14 Haziran 2026 14:00<\/p>\n<p>I.Oturum:13 Haziran 2026 15:00 II.Oturum:14 Haziran 2026 09:30 III.Oturum:14 Haziran 2026 14:00<\/p>\n<p>ATA A\u00d6F s\u0131nav giri\u015f belgeleri a\u00e7\u0131kland\u0131ktan sonra obs.atauni.edu.tr \u00fczerinden al\u0131nabiliyor. Adaylar s\u0131nav giri\u015f belgesi ile beraber s\u0131nav\u0131n d\u00fczenlenece\u011fi okulun ad\u0131, a\u00e7\u0131k adresi, salon, s\u0131ra numaras\u0131 ve s\u0131nav kurallar\u0131na ula\u015fabilecek.<\/p>\n<p>ATA A\u00d6F s\u0131nav giri\u015f belgeleri a\u00e7\u0131kland\u0131ktan sonra obs.atauni.edu.tr \u00fczerinden al\u0131nabiliyor.<\/p>\n<p>Adaylar s\u0131nav giri\u015f belgesi ile beraber s\u0131nav\u0131n d\u00fczenlenece\u011fi okulun ad\u0131, a\u00e7\u0131k adresi, salon, s\u0131ra numaras\u0131 ve s\u0131nav kurallar\u0131na ula\u015fabilecek.<\/p>\n<p>T\u00fcrkiye&#x27;den&#8230;<\/p>\n","protected":false},"excerpt":{"rendered":"<p>ATA A\u00d6F bahar d\u00f6nemi final s\u0131nav\u0131 tarihi, akademik takvimle belli oldu. Atat\u00fcrk \u00dcniversitesi A\u00e7\u0131k ve Uzaktan \u00d6\u011fretim Fak\u00fcltesi vize s\u0131navlar\u0131 ge\u00e7ti\u011fimiz&#8230;<\/p>\n","protected":false},"author":2,"featured_media":30033,"comment_status":"open","ping_status":"open","sticky":false,"template":"","format":"standard","meta":{"footnotes":""},"categories":[8,6,5],"tags":[],"class_list":["post-30034","post","type-post","status-publish","format-standard","has-post-thumbnail","hentry","category-arsiv","category-gundem","category-son-dakika"],"_links":{"self":[{"href":"https:\/\/eskigazeteci.com\/index.php?rest_route=\/wp\/v2\/posts\/30034","targetHints":{"allow":["GET"]}}],"collection":[{"href":"https:\/\/eskigazeteci.com\/index.php?rest_route=\/wp\/v2\/posts"}],"about":[{"href":"https:\/\/eskigazeteci.com\/index.php?rest_route=\/wp\/v2\/types\/post"}],"author":[{"embeddable":true,"href":"https:\/\/eskigazeteci.com\/index.php?rest_route=\/wp\/v2\/users\/2"}],"replies":[{"embeddable":true,"href":"https:\/\/eskigazeteci.com\/index.php?rest_route=%2Fwp%2Fv2%2Fcomments&post=30034"}],"version-history":[{"count":0,"href":"https:\/\/eskigazeteci.com\/index.php?rest_route=\/wp\/v2\/posts\/30034\/revisions"}],"wp:featuredmedia":[{"embeddable":true,"href":"https:\/\/eskigazeteci.com\/index.php?rest_route=\/wp\/v2\/media\/30033"}],"wp:attachment":[{"href":"https:\/\/eskigazeteci.com\/index.php?rest_route=%2Fwp%2Fv2%2Fmedia&parent=30034"}],"wp:term":[{"taxonomy":"category","embeddable":true,"href":"https:\/\/eskigazeteci.com\/index.php?rest_route=%2Fwp%2Fv2%2Fcategories&post=30034"},{"taxonomy":"post_tag","embeddable":true,"href":"https:\/\/eskigazeteci.com\/index.php?rest_route=%2Fwp%2Fv2%2Ftags&post=30034"}],"curies":[{"name":"wp","href":"https:\/\/api.w.org\/{rel}","templated":true}]}}