{"id":30032,"date":"2026-04-28T11:55:12","date_gmt":"2026-04-28T11:55:12","guid":{"rendered":"https:\/\/eskigazeteci.com\/?p=30032"},"modified":"2026-04-28T11:55:12","modified_gmt":"2026-04-28T11:55:12","slug":"istanbul-bogazinda-konteyner-gemisi-yaliya-metreler-kala-durmustu-yalinin-sahibi-belli-oldu","status":"publish","type":"post","link":"https:\/\/eskigazeteci.com\/?p=30032","title":{"rendered":"\u0130stanbul Bo\u011faz\u0131&#8217;nda konteyner gemisi yal\u0131ya metreler kala durmu\u015ftu: Yal\u0131n\u0131n sahibi belli oldu"},"content":{"rendered":"<p>Olay, saat 00.12 s\u0131ralar\u0131nda Yenik\u00f6y Mahallesi\u2019nde meydana geldi. Edinilen bilgiye g\u00f6re Rusya\u2019dan ald\u0131\u011f\u0131 y\u00fckle Kocaeli Derince Liman\u0131\u2019na gitmekte olan &#x27;KAPPA&#x27; isimli konteyner gemisinde seyir halindeyken, d\u00fcmen ar\u0131zas\u0131 meydana geldi. Yakla\u015f\u0131k 2 dakika boyunca siren \u00e7alan gemi k\u0131y\u0131ya y\u00f6neldi. Yal\u0131ya metreler kala duran gemi karaya oturdu.<\/p>\n<p>\u0130hbar \u00fczerine b\u00f6lgeye K\u0131y\u0131 Emniyeti Genel M\u00fcd\u00fcrl\u00fc\u011f\u00fc\u2019ne ba\u011fl\u0131 kurtarma ekipleri sevk edildi. KURTARMA-5, KURTARMA-6 ve KEGM-5 h\u0131zl\u0131 tahlisiye botu ile bal\u0131k adamlar b\u00f6lgede \u00e7al\u0131\u015fma ba\u015flatt\u0131. Geminin karaya oturmas\u0131 nedeniyle \u0130stanbul Bo\u011faz\u0131\u2019nda gemi trafi\u011fi \u00e7ift y\u00f6nl\u00fc olarak ge\u00e7ici s\u00fcreyle ask\u0131ya al\u0131nd\u0131. HASAR MEYDANA GELEN YALI \u0130\u015e KADININA A\u0130T \u00c7IKTI<\/p>\n<p>Geminin karaya oturmas\u0131 sonucu avlu k\u0131sm\u0131nda bulunan cam korkuluk, fayans ve beton b\u00f6l\u00fcmlerde hasar meydana gelen yal\u0131n\u0131n i\u015f kad\u0131n\u0131 Bianka S\u00f6mer T\u00fcrkmen\u2019e ait oldu\u011fu ortaya \u00e7\u0131kt\u0131. Olayda yaralanan olmad\u0131\u011f\u0131 \u00f6\u011frenilirken, \u00e7al\u0131\u015fmalar\u0131n ard\u0131ndan gemi r\u00f6mork\u00f6rlerin deste\u011fiyle bulundu\u011fu yerden y\u00fczd\u00fcr\u00fclerek kurtar\u0131ld\u0131. Geminin \u00e7ekilmesinin ard\u0131ndan \u0130stanbul Bo\u011faz\u0131 \u2019nda \u00e7ift y\u00f6nl\u00fc olarak ask\u0131ya al\u0131nan gemi trafi\u011fi saat 07.50 itibariyle yeniden a\u00e7\u0131ld\u0131.<\/p>\n<p>KARAYA OTURDU\u011eU ANLAR KAMERADA<\/p>\n<p>Ayn\u0131 geminin 2022&#8230;<\/p>\n","protected":false},"excerpt":{"rendered":"<p>\u0130stanbul Bo\u011faz\u0131&#8217;nda d\u00fcmen ar\u0131zas\u0131ndan kaynaklanan nedenle Sar\u0131yer, Yenik\u00f6y a\u00e7\u0131klar\u0131nda karaya oturan konteyner gemisi, uzun s\u00fcren \u00e7al\u0131\u015fmalar\u0131n ard\u0131ndan&#8230;<\/p>\n","protected":false},"author":2,"featured_media":30031,"comment_status":"open","ping_status":"open","sticky":false,"template":"","format":"standard","meta":{"footnotes":""},"categories":[8,6,5],"tags":[],"class_list":["post-30032","post","type-post","status-publish","format-standard","has-post-thumbnail","hentry","category-arsiv","category-gundem","category-son-dakika"],"_links":{"self":[{"href":"https:\/\/eskigazeteci.com\/index.php?rest_route=\/wp\/v2\/posts\/30032","targetHints":{"allow":["GET"]}}],"collection":[{"href":"https:\/\/eskigazeteci.com\/index.php?rest_route=\/wp\/v2\/posts"}],"about":[{"href":"https:\/\/eskigazeteci.com\/index.php?rest_route=\/wp\/v2\/types\/post"}],"author":[{"embeddable":true,"href":"https:\/\/eskigazeteci.com\/index.php?rest_route=\/wp\/v2\/users\/2"}],"replies":[{"embeddable":true,"href":"https:\/\/eskigazeteci.com\/index.php?rest_route=%2Fwp%2Fv2%2Fcomments&post=30032"}],"version-history":[{"count":0,"href":"https:\/\/eskigazeteci.com\/index.php?rest_route=\/wp\/v2\/posts\/30032\/revisions"}],"wp:featuredmedia":[{"embeddable":true,"href":"https:\/\/eskigazeteci.com\/index.php?rest_route=\/wp\/v2\/media\/30031"}],"wp:attachment":[{"href":"https:\/\/eskigazeteci.com\/index.php?rest_route=%2Fwp%2Fv2%2Fmedia&parent=30032"}],"wp:term":[{"taxonomy":"category","embeddable":true,"href":"https:\/\/eskigazeteci.com\/index.php?rest_route=%2Fwp%2Fv2%2Fcategories&post=30032"},{"taxonomy":"post_tag","embeddable":true,"href":"https:\/\/eskigazeteci.com\/index.php?rest_route=%2Fwp%2Fv2%2Ftags&post=30032"}],"curies":[{"name":"wp","href":"https:\/\/api.w.org\/{rel}","templated":true}]}}