{"id":30028,"date":"2026-04-28T11:45:12","date_gmt":"2026-04-28T11:45:12","guid":{"rendered":"https:\/\/eskigazeteci.com\/?p=30028"},"modified":"2026-04-28T11:45:12","modified_gmt":"2026-04-28T11:45:12","slug":"demansa-yakalanan-46-yillik-karisi-artik-onun-kim-oldugunu-bile-hatirlamiyor-unlu-sunucu-her-seyden-buyuk-askina-bakmak-icin-vazgecti","status":"publish","type":"post","link":"https:\/\/eskigazeteci.com\/?p=30028","title":{"rendered":"Demansa yakalanan 46 y\u0131ll\u0131k kar\u0131s\u0131 art\u0131k onun kim oldu\u011funu bile hat\u0131rlam\u0131yor\u2026 \u00dcnl\u00fc sunucu her \u015feyden b\u00fcy\u00fck a\u015fk\u0131na bakmak i\u00e7in vazge\u00e7ti"},"content":{"rendered":"<p>Mutlu mesut devam etti\u011fi hayat\u0131 g\u00f6z\u00fc gibi bakt\u0131\u011f\u0131, can\u0131ndan \u00e7ok sevdi\u011fi kar\u0131s\u0131 demansa yakaland\u0131\u011f\u0131nda bir k\u00e2busa d\u00f6necekti\u2026<\/p>\n<p>\u00dcnl\u00fc talk \u015fov sunucusu Jay Leno&#x27;nun hayat\u0131n\u0131n en b\u00fcy\u00fck ve tek a\u015fk\u0131 olan e\u015fi Mavis Leno demansa yakaland\u0131.<\/p>\n<p>Jay Leno e\u015fi yakla\u015f\u0131k \u00fc\u00e7 y\u0131l \u00f6nce hastal\u0131\u011fa yakalan\u0131nca ona bakabilmek i\u00e7in her \u015feyden vazge\u00e7ti, ekranlara veda etti ve kendini sadece kar\u0131s\u0131na adad\u0131.<\/p>\n<p>Mavis Leno\u2019nun demans\u0131n\u0131n ne zaman ba\u015flad\u0131\u011f\u0131 tam olarak bilinmiyor. Ancak \u00fcnl\u00fc sunucu Ocak 2024&#x27;te mahkemeye ba\u015fvurmu\u015f ve art\u0131k zihni bulan\u0131kla\u015fan ve kendi ba\u015f\u0131na karar verme yetisini kaybeden kar\u0131s\u0131n\u0131 vesayet alt\u0131na ald\u0131rm\u0131\u015ft\u0131.<\/p>\n<p>Bu duyulunca Mavis Leno\u2019nun demansa yakaland\u0131\u011f\u0131 da ortaya \u00e7\u0131km\u0131\u015f, Jay Leno bu vesayet karar\u0131 y\u00fcz\u00fcnden ele\u015ftirilmi\u015fti.<\/p>\n<p>Ancak daha sonra \u00e7iftin doktoru ve yak\u0131nlar\u0131 a\u00e7\u0131klama yaparak Mavis Leno\u2019nun hayatta en \u00e7ok kocas\u0131na g\u00fcvendi\u011fi ve hastal\u0131\u011f\u0131n\u0131n ba\u015flar\u0131ndayken bu karar\u0131 kendisinin verdi\u011fini ve Jay Leno\u2019nun da bunun \u00fczerine mahkemeye gitti\u011fini s\u00f6ylemi\u015flerdi.<\/p>\n<p>Art\u0131k pek ortal\u0131kta g\u00f6z\u00fckmeyen ve kendi d\u00fcnyalar\u0131na kapanan Jay Leno ve e\u015fi Mavis Leno\u2019dan ne yaz\u0131k ki \u00fcz\u00fcc\u00fc bir haber daha geldi.<\/p>\n<p>Mavis Leno\u2019nun art\u0131k haf\u0131zas\u0131n\u0131 neredeyse tamamen kaybetti\u011fi ve kocas\u0131n\u0131n kim oldu\u011funu bile&#8230;<\/p>\n","protected":false},"excerpt":{"rendered":"<p>Televizyon ekranlar\u0131n\u0131n en b\u00fcy\u00fck y\u0131ld\u0131zlar\u0131ndan biriydi. G\u00fclen y\u00fcz\u00fcyle ekran ba\u015f\u0131ndaki herkesi kahkahalara bo\u011fdu, y\u0131llar y\u0131l\u0131 sundu\u011fu program\u0131nda d\u00fcnyan\u0131n en&#8230;<\/p>\n","protected":false},"author":2,"featured_media":30027,"comment_status":"open","ping_status":"open","sticky":false,"template":"","format":"standard","meta":{"footnotes":""},"categories":[8,6,5],"tags":[],"class_list":["post-30028","post","type-post","status-publish","format-standard","has-post-thumbnail","hentry","category-arsiv","category-gundem","category-son-dakika"],"_links":{"self":[{"href":"https:\/\/eskigazeteci.com\/index.php?rest_route=\/wp\/v2\/posts\/30028","targetHints":{"allow":["GET"]}}],"collection":[{"href":"https:\/\/eskigazeteci.com\/index.php?rest_route=\/wp\/v2\/posts"}],"about":[{"href":"https:\/\/eskigazeteci.com\/index.php?rest_route=\/wp\/v2\/types\/post"}],"author":[{"embeddable":true,"href":"https:\/\/eskigazeteci.com\/index.php?rest_route=\/wp\/v2\/users\/2"}],"replies":[{"embeddable":true,"href":"https:\/\/eskigazeteci.com\/index.php?rest_route=%2Fwp%2Fv2%2Fcomments&post=30028"}],"version-history":[{"count":0,"href":"https:\/\/eskigazeteci.com\/index.php?rest_route=\/wp\/v2\/posts\/30028\/revisions"}],"wp:featuredmedia":[{"embeddable":true,"href":"https:\/\/eskigazeteci.com\/index.php?rest_route=\/wp\/v2\/media\/30027"}],"wp:attachment":[{"href":"https:\/\/eskigazeteci.com\/index.php?rest_route=%2Fwp%2Fv2%2Fmedia&parent=30028"}],"wp:term":[{"taxonomy":"category","embeddable":true,"href":"https:\/\/eskigazeteci.com\/index.php?rest_route=%2Fwp%2Fv2%2Fcategories&post=30028"},{"taxonomy":"post_tag","embeddable":true,"href":"https:\/\/eskigazeteci.com\/index.php?rest_route=%2Fwp%2Fv2%2Ftags&post=30028"}],"curies":[{"name":"wp","href":"https:\/\/api.w.org\/{rel}","templated":true}]}}