{"id":30024,"date":"2026-04-28T11:39:46","date_gmt":"2026-04-28T11:39:46","guid":{"rendered":"https:\/\/eskigazeteci.com\/?p=30024"},"modified":"2026-04-28T11:39:46","modified_gmt":"2026-04-28T11:39:46","slug":"macron-zor-durumda-israil-ile-anlasmaya-tepkiler-cig-gibi-buyudu","status":"publish","type":"post","link":"https:\/\/eskigazeteci.com\/?p=30024","title":{"rendered":"Macron zor durumda: \u0130srail ile anla\u015fmaya tepkiler \u00e7\u0131\u011f gibi b\u00fcy\u00fcd\u00fc"},"content":{"rendered":"<p>Boyun E\u011fmeyen Fransa (LFI) Partisi Grup Ba\u015fkanvekili Panot, ba\u015fkent Paris&#x27;teki Ulusal Meclis&#x27;te partisinin haftal\u0131k bas\u0131n toplant\u0131s\u0131nda L\u00fcbnan&#x27;da ya\u015fananlar\u0131 de\u011ferlendirdi.<\/p>\n<p>Fransa Cumhurba\u015fkan\u0131 Emmanuel Macron h\u00fck\u00fcmetinin \u0130srail&#x27;e kar\u015f\u0131 tutumunu ele\u015ftiren Panot, &quot;L\u00fcbnan&#x27;da Hizbullah&#x27;a kar\u015f\u0131 bir sava\u015f yap\u0131lm\u0131yor, bu (\u0130srail Ba\u015fbakan\u0131 Binyamin) Netanyahu taraf\u0131ndan L\u00fcbnan halk\u0131na kar\u015f\u0131 yap\u0131lan bir sava\u015f ve L\u00fcbnan&#x27;\u0131n g\u00fcneyinin i\u015fgali. Bunun konvansiyonel bir sava\u015fla ilgisi yok.&quot; ifadelerini kulland\u0131.<\/p>\n<p>&#x27;NETANYAHU HERHANG\u0130 B\u0130R ATE\u015eKESE ASLA UYMADI&#x27;<\/p>\n<p>L\u00fcbnan&#x27;da baz\u0131 k\u00f6ylerin dinamitle havaya u\u00e7uruldu\u011funu dile getiren Panot, \u0130srail&#x27;in L\u00fcbnanl\u0131 100 kurtarma personelini hedef almas\u0131n\u0131n Hizbullah &#x27;la bir alakas\u0131 olmad\u0131\u011f\u0131na dikkati \u00e7ekti.<\/p>\n<p>Panot, \u0130srail&#x27;in 22 Nisan&#x27;da L\u00fcbnan&#x27;da kad\u0131n gazeteci Emel Halil&#x27;i hedef ald\u0131\u011f\u0131n\u0131 vurgulayarak, &quot;Bug\u00fcn en fazla gazeteci \u00f6ld\u00fcren \u0130srail ordusu.&quot; diye konu\u015ftu.<\/p>\n<p>\u0130srail ordusunun 8 Nisan&#x27;da L\u00fcbnan&#x27;da 300&#x27;den fazla ki\u015fiyi bir g\u00fcnde \u00f6ld\u00fcrd\u00fc\u011f\u00fcn\u00fc hat\u0131rlatan Panot, &quot;Ger\u00e7ek \u015fu ki Netanyahu herhangi bir ate\u015fkese asla uymad\u0131.&quot; dedi.<\/p>\n<p>ANLA\u015eMANIN \u0130PTAL\u0130 \u0130\u00c7\u0130N 1 M\u0130LYON \u0130MZA TOPLANDI<\/p>\n<p>1 milyon Avrupal\u0131 vatanda\u015f\u0131n s\u00f6z konusu anla\u015fman\u0131n ask\u0131ya al\u0131nmas\u0131 i\u00e7in &quot;Avrupa&#8230;<\/p>\n","protected":false},"excerpt":{"rendered":"<p>Frans\u0131z milletvekili Mathilde Panot, Avrupa Birli\u011fi (AB)-\u0130srail Ortakl\u0131k Anla\u015fmas\u0131&#8217;n\u0131n ask\u0131ya al\u0131nmas\u0131 i\u00e7in net bir tav\u0131r almad\u0131\u011f\u0131 gerek\u00e7esiyle Fransa&#8230;<\/p>\n","protected":false},"author":2,"featured_media":30023,"comment_status":"open","ping_status":"open","sticky":false,"template":"","format":"standard","meta":{"footnotes":""},"categories":[8,6,5],"tags":[],"class_list":["post-30024","post","type-post","status-publish","format-standard","has-post-thumbnail","hentry","category-arsiv","category-gundem","category-son-dakika"],"_links":{"self":[{"href":"https:\/\/eskigazeteci.com\/index.php?rest_route=\/wp\/v2\/posts\/30024","targetHints":{"allow":["GET"]}}],"collection":[{"href":"https:\/\/eskigazeteci.com\/index.php?rest_route=\/wp\/v2\/posts"}],"about":[{"href":"https:\/\/eskigazeteci.com\/index.php?rest_route=\/wp\/v2\/types\/post"}],"author":[{"embeddable":true,"href":"https:\/\/eskigazeteci.com\/index.php?rest_route=\/wp\/v2\/users\/2"}],"replies":[{"embeddable":true,"href":"https:\/\/eskigazeteci.com\/index.php?rest_route=%2Fwp%2Fv2%2Fcomments&post=30024"}],"version-history":[{"count":0,"href":"https:\/\/eskigazeteci.com\/index.php?rest_route=\/wp\/v2\/posts\/30024\/revisions"}],"wp:featuredmedia":[{"embeddable":true,"href":"https:\/\/eskigazeteci.com\/index.php?rest_route=\/wp\/v2\/media\/30023"}],"wp:attachment":[{"href":"https:\/\/eskigazeteci.com\/index.php?rest_route=%2Fwp%2Fv2%2Fmedia&parent=30024"}],"wp:term":[{"taxonomy":"category","embeddable":true,"href":"https:\/\/eskigazeteci.com\/index.php?rest_route=%2Fwp%2Fv2%2Fcategories&post=30024"},{"taxonomy":"post_tag","embeddable":true,"href":"https:\/\/eskigazeteci.com\/index.php?rest_route=%2Fwp%2Fv2%2Ftags&post=30024"}],"curies":[{"name":"wp","href":"https:\/\/api.w.org\/{rel}","templated":true}]}}